{"id":123443,"date":"2024-11-15T12:05:47","date_gmt":"2024-11-15T15:05:47","guid":{"rendered":"https:\/\/onordeste.com.br\/?p=123443"},"modified":"2024-11-15T12:05:47","modified_gmt":"2024-11-15T15:05:47","slug":"lancado-edital-para-a-feira-paraibana-da-agricultura-familiar","status":"publish","type":"post","link":"https:\/\/iparaiba.com.br\/index.php\/2024\/11\/15\/lancado-edital-para-a-feira-paraibana-da-agricultura-familiar\/","title":{"rendered":"Lan\u00e7ado edital para a Feira Paraibana da Agricultura Familiar"},"content":{"rendered":"<p>O Governo do Estado, atrav\u00e9s da Secretaria da Agricultura Familiar e do Desenvolvimento do Semi\u00e1rido (Seafds), lan\u00e7ou edital para a Feira Paraibana de Agricultura Familiar (Fepaf). O evento ocorre entre os dias 6 e 8 de dezembro, no Espa\u00e7o Cultural, em Jo\u00e3o Pessoa, e as inscri\u00e7\u00f5es para empreendimentos formados por agricultores familiares e suas organiza\u00e7\u00f5es devem ser realizadas at\u00e9 19 de novembro.<\/p>\n<p>A Feira \u00e9 uma promo\u00e7\u00e3o do Governo da Para\u00edba em parceria com o Cons\u00f3rcio Nordeste e o Minist\u00e9rio do Desenvolvimento Agr\u00e1rio e Agricultura Familiar (MDA).<\/p>\n<p><b><\/b><b>Inscri\u00e7\u00f5es \u2013\u00a0<\/b>Devem ser<b>\u00a0<\/b>feitas atrav\u00e9s do formul\u00e1rio disponibilizado no Edital 02\/2024 dispon\u00edvel no link:<b>\u00a0<\/b>https:\/\/paraiba.pb.gov.br\/diretas\/secretaria-de-agricultura-familiar-e-desenvolvimento-do-semiarido\/edital\/edital-de-credenciamento-e-selecao-fepaf.pdf\/view.<\/p>\n<p>Est\u00e3o sendo oferecidas vagas para expor em quatro espa\u00e7os distintos:<\/p>\n<p>1. Pavilh\u00e3o dos Territ\u00f3rios;<\/p>\n<p>2. Vila Gastron\u00f4mica &#8220;Pra\u00e7a Sabores da Terra&#8221;;<\/p>\n<p>3. Pavilh\u00e3o dos Povos Ind\u00edgenas;<\/p>\n<p>4. Pavilh\u00e3o das Comunidades Quilombolas.<\/p>\n<p>A programa\u00e7\u00e3o, que integra o Circuito Nordestino de Feiras da Agricultura Familiar, \u00e9 voltada ao fomento e valoriza\u00e7\u00e3o da agricultura familiar nordestina e espera-se a participa\u00e7\u00e3o de 170 empreendimentos da agricultura familiar, envolvendo mais de 340 expositores, al\u00e9m de um p\u00fablico visitante de 30 mil pessoas.<\/p>\n<p>A Fepaf visa fortalecer iniciativas de integra\u00e7\u00e3o de pol\u00edticas p\u00fablicas para a Agricultura Familiar, envolvendo \u00f3rg\u00e3os governamentais e movimentos sociais, al\u00e9m de fortalecer o cooperativismo solid\u00e1rio e o processo de comercializa\u00e7\u00e3o, atrav\u00e9s da exposi\u00e7\u00e3o e venda de produtos.<\/p>\n<p>Durante o evento, tamb\u00e9m ser\u00e3o realizados cursos, palestras e oficinas sobre tem\u00e1ticas importantes como Acesso \u00e0 terra; Sistemas agroalimentares e produ\u00e7\u00e3o de alimentos saud\u00e1veis; Agroecologia; Assist\u00eancia T\u00e9cnica e Extens\u00e3o Rural e acesso ao cr\u00e9dito; Mudan\u00e7as clim\u00e1ticas; Acesso aos mercados, cooperativismo solid\u00e1rio e protagonismo feminino.<\/p>\n<p>A feira ser\u00e1 um espa\u00e7o estrat\u00e9gico para reafirma\u00e7\u00e3o da identidade cultural do povo paraibano e contar\u00e1 com uma pra\u00e7a de alimenta\u00e7\u00e3o, al\u00e9m de uma ampla programa\u00e7\u00e3o cultural com shows de artistas paraibanos e apresenta\u00e7\u00f5es culturais diversas durante o evento.<\/p>\n<p>A a\u00e7\u00e3o \u00e9 uma realiza\u00e7\u00e3o da Unicafes, Funcern, Instituto Federal do Rio Grande do Norte, com apoio do Procase e Cooperar patrocinada pelo Banco do Nordeste e Caixa.<\/p>\n","protected":false},"excerpt":{"rendered":"<p>O Governo do Estado, atrav\u00e9s da Secretaria da Agricultura Familiar e do Desenvolvimento do Semi\u00e1rido (Seafds), lan\u00e7ou edital para a Feira Paraibana de Agricultura Familiar (Fepaf). O evento ocorre entre os dias 6 e 8 de dezembro, no Espa\u00e7o Cultural, em Jo\u00e3o Pessoa, e as inscri\u00e7\u00f5es para empreendimentos formados por agricultores familiares e suas organiza\u00e7\u00f5es &hellip;<\/p>\n","protected":false},"author":1,"featured_media":98027,"comment_status":"open","ping_status":"open","sticky":false,"template":"","format":"standard","meta":{"footnotes":""},"categories":[3],"tags":[],"class_list":["post-123443","post","type-post","status-publish","format-standard","has-post-thumbnail","hentry","category-nordeste"],"_links":{"self":[{"href":"https:\/\/iparaiba.com.br\/index.php\/wp-json\/wp\/v2\/posts\/123443","targetHints":{"allow":["GET"]}}],"collection":[{"href":"https:\/\/iparaiba.com.br\/index.php\/wp-json\/wp\/v2\/posts"}],"about":[{"href":"https:\/\/iparaiba.com.br\/index.php\/wp-json\/wp\/v2\/types\/post"}],"author":[{"embeddable":true,"href":"https:\/\/iparaiba.com.br\/index.php\/wp-json\/wp\/v2\/users\/1"}],"replies":[{"embeddable":true,"href":"https:\/\/iparaiba.com.br\/index.php\/wp-json\/wp\/v2\/comments?post=123443"}],"version-history":[{"count":0,"href":"https:\/\/iparaiba.com.br\/index.php\/wp-json\/wp\/v2\/posts\/123443\/revisions"}],"wp:featuredmedia":[{"embeddable":true,"href":"https:\/\/iparaiba.com.br\/index.php\/wp-json\/wp\/v2\/media\/98027"}],"wp:attachment":[{"href":"https:\/\/iparaiba.com.br\/index.php\/wp-json\/wp\/v2\/media?parent=123443"}],"wp:term":[{"taxonomy":"category","embeddable":true,"href":"https:\/\/iparaiba.com.br\/index.php\/wp-json\/wp\/v2\/categories?post=123443"},{"taxonomy":"post_tag","embeddable":true,"href":"https:\/\/iparaiba.com.br\/index.php\/wp-json\/wp\/v2\/tags?post=123443"}],"curies":[{"name":"wp","href":"https:\/\/api.w.org\/{rel}","templated":true}]}}