{"id":123411,"date":"2024-11-04T14:45:20","date_gmt":"2024-11-04T17:45:20","guid":{"rendered":"https:\/\/onordeste.com.br\/?p=123383"},"modified":"2024-11-04T14:45:20","modified_gmt":"2024-11-04T17:45:20","slug":"nucleo-de-adolescentes-recebe-certificacoes-do-unicef","status":"publish","type":"post","link":"https:\/\/iparaiba.com.br\/index.php\/2024\/11\/04\/nucleo-de-adolescentes-recebe-certificacoes-do-unicef\/","title":{"rendered":"N\u00facleo de Adolescentes recebe certifica\u00e7\u00f5es do Unicef"},"content":{"rendered":"<p>O N\u00facleo de Cidadania de Adolescentes de Campina Grande (Nuca) recebeu duas certifica\u00e7\u00f5es da Associa\u00e7\u00e3o de Defesa da Educa\u00e7\u00e3o, Sa\u00fade e Assist\u00eancia Social (Assert), implementadora do Selo Unicef e da Busca Ativa Escolar. O evento aconteceu nesta ter\u00e7a-feira, 29 de outubro, na cidade de Bananeiras, regi\u00e3o do Brejo da Para\u00edba. A cidade foi escolhida para sediar o \u2018Festival dos Nucas\u201d, que reuniu representantes de mais de 80 cidades paraibanas, que cumpriram as metas estabelecidas.<\/p>\n<p>O Nuca de Campina Grande teve a representa\u00e7\u00e3o dos Estudantes Isaac Fernandes Roque, matriculado no 9\u00ba ano, na Escola Municipal Padre Antonino, no bairro de Bodocong\u00f3; e Yolanda de Castro Leite, aluna do 8\u00ba ano, da Escola Municipal Laura Menezes Amorim, no distrito de Galante. Os estudantes foram certificados junto com a mobilizadora, que integra a equipe da Secretaria Municipal de Educa\u00e7\u00e3o (Seduc), Laisa Feitosa.<\/p>\n<p>O evento aconteceu no audit\u00f3rio do campus III da Universidade Federal da Para\u00edba, em Bananeiras, com a presen\u00e7a da chefe do escrit\u00f3rio do Fundo das Na\u00e7\u00f5es Unidas para a Inf\u00e2ncia (Unicef), em Recife, Luiza Leit\u00e3o. Tamb\u00e9m participou do evento, Gra\u00e7a Lima, coordenadora da Asserte.<\/p>\n<p>Entre os dois certificados, est\u00e3o o que consolida o cumprimento das a\u00e7\u00f5es do Nuca previstas no conjunto de metas para o Selo Unicef, que ter\u00e1 o resultado divulgado no in\u00edcio do pr\u00f3ximo m\u00eas. Ao todo, mais de 80 cidades receberam essa certifica\u00e7\u00e3o. J\u00e1 a segunda certifica\u00e7\u00e3o destaca o Nuca de Campina Grande como refer\u00eancia entre os Nucas do estado, integrando os 10 munic\u00edpios referenciados.<\/p>\n","protected":false},"excerpt":{"rendered":"<p>O N\u00facleo de Cidadania de Adolescentes de Campina Grande (Nuca) recebeu duas certifica\u00e7\u00f5es da Associa\u00e7\u00e3o de Defesa da Educa\u00e7\u00e3o, Sa\u00fade e Assist\u00eancia Social (Assert), implementadora do Selo Unicef e da Busca Ativa Escolar. O evento aconteceu nesta ter\u00e7a-feira, 29 de outubro, na cidade de Bananeiras, regi\u00e3o do Brejo da Para\u00edba. A cidade foi escolhida para &hellip;<\/p>\n","protected":false},"author":1,"featured_media":116741,"comment_status":"open","ping_status":"open","sticky":false,"template":"","format":"standard","meta":{"footnotes":""},"categories":[15],"tags":[],"class_list":["post-123411","post","type-post","status-publish","format-standard","has-post-thumbnail","hentry","category-links"],"_links":{"self":[{"href":"https:\/\/iparaiba.com.br\/index.php\/wp-json\/wp\/v2\/posts\/123411","targetHints":{"allow":["GET"]}}],"collection":[{"href":"https:\/\/iparaiba.com.br\/index.php\/wp-json\/wp\/v2\/posts"}],"about":[{"href":"https:\/\/iparaiba.com.br\/index.php\/wp-json\/wp\/v2\/types\/post"}],"author":[{"embeddable":true,"href":"https:\/\/iparaiba.com.br\/index.php\/wp-json\/wp\/v2\/users\/1"}],"replies":[{"embeddable":true,"href":"https:\/\/iparaiba.com.br\/index.php\/wp-json\/wp\/v2\/comments?post=123411"}],"version-history":[{"count":0,"href":"https:\/\/iparaiba.com.br\/index.php\/wp-json\/wp\/v2\/posts\/123411\/revisions"}],"wp:featuredmedia":[{"embeddable":true,"href":"https:\/\/iparaiba.com.br\/index.php\/wp-json\/wp\/v2\/media\/116741"}],"wp:attachment":[{"href":"https:\/\/iparaiba.com.br\/index.php\/wp-json\/wp\/v2\/media?parent=123411"}],"wp:term":[{"taxonomy":"category","embeddable":true,"href":"https:\/\/iparaiba.com.br\/index.php\/wp-json\/wp\/v2\/categories?post=123411"},{"taxonomy":"post_tag","embeddable":true,"href":"https:\/\/iparaiba.com.br\/index.php\/wp-json\/wp\/v2\/tags?post=123411"}],"curies":[{"name":"wp","href":"https:\/\/api.w.org\/{rel}","templated":true}]}}