{"id":123410,"date":"2024-11-04T14:44:17","date_gmt":"2024-11-04T17:44:17","guid":{"rendered":"https:\/\/onordeste.com.br\/?p=123381"},"modified":"2024-11-04T14:44:17","modified_gmt":"2024-11-04T17:44:17","slug":"mis-de-1600-doses-de-vacina-e-retoma-vacinacao-contra-a-covid-19","status":"publish","type":"post","link":"https:\/\/iparaiba.com.br\/index.php\/2024\/11\/04\/mis-de-1600-doses-de-vacina-e-retoma-vacinacao-contra-a-covid-19\/","title":{"rendered":"Mis de 1600 doses de vacina e retoma vacina\u00e7\u00e3o contra a COVID-19"},"content":{"rendered":"<p>A Prefeitura de Campina Grande, por meio da Secretaria Municipal de Sa\u00fade, anunciou a chegada de um novo lote de vacinas XBB contra a Covid-19, que ser\u00e1 disponibilizado para a popula\u00e7\u00e3o a partir de 6 meses de idade. A vacina j\u00e1 est\u00e1 incorporada ao Calend\u00e1rio Nacional de Vacina\u00e7\u00e3o, especialmente para crian\u00e7as de 6 meses a 4 anos de idade, com um esquema de duas doses administradas com um intervalo de 4 semanas.<\/p>\n<p>A vacina\u00e7\u00e3o tamb\u00e9m \u00e9 recomendada para pessoas a partir de 5 anos que pertencem a grupos priorit\u00e1rios, incluindo idosos, gestantes, pu\u00e9rperas, e indiv\u00edduos com comorbidades. Para esses grupos, a orienta\u00e7\u00e3o \u00e9 de receber duas doses da vacina XBB, com um intervalo de 6 meses entre elas. Outros grupos priorit\u00e1rios, como trabalhadores da sa\u00fade e pessoas em institui\u00e7\u00f5es de longa perman\u00eancia, devem receber apenas uma dose de refor\u00e7o.<\/p>\n<p>A vacina XBB \u00e9 fabricada pela Moderna e tem como intervalo m\u00ednimo de tr\u00eas meses desde a \u00faltima dose de qualquer vacina contra Covid-19. As doses est\u00e3o dispon\u00edveis nas policl\u00ednicas da cidade, no Terminal de Integra\u00e7\u00e3o e na Casa da Vacina, localizada no Hospital Municipal Pedro I.<\/p>\n<p>A Prefeitura convida todos os integrantes dos grupos eleg\u00edveis a atualizarem suas cadernetas de vacina\u00e7\u00e3o e a se protegerem contra formas graves da doen\u00e7a. As autoridades refor\u00e7am que as vacinas s\u00e3o seguras e fundamentais para a prote\u00e7\u00e3o da sa\u00fade p\u00fablica. At\u00e9 o momento, Campina Grande recebeu 1.610 doses do novo imunizante, refor\u00e7ando o compromisso da cidade com a imuniza\u00e7\u00e3o da popula\u00e7\u00e3o.<\/p>\n","protected":false},"excerpt":{"rendered":"<p>A Prefeitura de Campina Grande, por meio da Secretaria Municipal de Sa\u00fade, anunciou a chegada de um novo lote de vacinas XBB contra a Covid-19, que ser\u00e1 disponibilizado para a popula\u00e7\u00e3o a partir de 6 meses de idade. A vacina j\u00e1 est\u00e1 incorporada ao Calend\u00e1rio Nacional de Vacina\u00e7\u00e3o, especialmente para crian\u00e7as de 6 meses a &hellip;<\/p>\n","protected":false},"author":1,"featured_media":123281,"comment_status":"open","ping_status":"open","sticky":false,"template":"","format":"standard","meta":{"footnotes":""},"categories":[2],"tags":[],"class_list":["post-123410","post","type-post","status-publish","format-standard","has-post-thumbnail","hentry","category-saude"],"_links":{"self":[{"href":"https:\/\/iparaiba.com.br\/index.php\/wp-json\/wp\/v2\/posts\/123410","targetHints":{"allow":["GET"]}}],"collection":[{"href":"https:\/\/iparaiba.com.br\/index.php\/wp-json\/wp\/v2\/posts"}],"about":[{"href":"https:\/\/iparaiba.com.br\/index.php\/wp-json\/wp\/v2\/types\/post"}],"author":[{"embeddable":true,"href":"https:\/\/iparaiba.com.br\/index.php\/wp-json\/wp\/v2\/users\/1"}],"replies":[{"embeddable":true,"href":"https:\/\/iparaiba.com.br\/index.php\/wp-json\/wp\/v2\/comments?post=123410"}],"version-history":[{"count":0,"href":"https:\/\/iparaiba.com.br\/index.php\/wp-json\/wp\/v2\/posts\/123410\/revisions"}],"wp:featuredmedia":[{"embeddable":true,"href":"https:\/\/iparaiba.com.br\/index.php\/wp-json\/wp\/v2\/media\/123281"}],"wp:attachment":[{"href":"https:\/\/iparaiba.com.br\/index.php\/wp-json\/wp\/v2\/media?parent=123410"}],"wp:term":[{"taxonomy":"category","embeddable":true,"href":"https:\/\/iparaiba.com.br\/index.php\/wp-json\/wp\/v2\/categories?post=123410"},{"taxonomy":"post_tag","embeddable":true,"href":"https:\/\/iparaiba.com.br\/index.php\/wp-json\/wp\/v2\/tags?post=123410"}],"curies":[{"name":"wp","href":"https:\/\/api.w.org\/{rel}","templated":true}]}}