{"id":123407,"date":"2024-11-04T14:41:16","date_gmt":"2024-11-04T17:41:16","guid":{"rendered":"https:\/\/onordeste.com.br\/?p=123375"},"modified":"2024-11-04T14:41:16","modified_gmt":"2024-11-04T17:41:16","slug":"prefeito-secretarios-e-presidente-da-cmjp-visitam-obra-da-nova-sede","status":"publish","type":"post","link":"https:\/\/iparaiba.com.br\/index.php\/2024\/11\/04\/prefeito-secretarios-e-presidente-da-cmjp-visitam-obra-da-nova-sede\/","title":{"rendered":"Prefeito, secret\u00e1rios e presidente da CMJP visitam obra da nova sede"},"content":{"rendered":"<p align=\"justify\">O presidente da C\u00e2mara Municipal de Jo\u00e3o Pessoa (CMJP), Dinho Dowsley (PSD), recebeu o prefeito C\u00edcero Lucena (PP) e secret\u00e1rios municipais para uma visita \u00e0 obra da nova sede do Legislativo Municipal, na Rua das Trincheiras.<\/p>\n<p align=\"justify\">Sobre o andamento da constru\u00e7\u00e3o, o prefeito afirmou: \u201c\u00c9 muito bom quando voc\u00ea participa de um projeto e v\u00ea que est\u00e1 dando certo, que vai entregar aquilo que foi pensado, dentro dos seus objetivos. Primeiro, um espa\u00e7o digno para o trabalho dos representantes do povo, que nesse caso s\u00e3o os vereadores, para que tenham melhores condi\u00e7\u00f5es de prestar servi\u00e7o \u00e0 popula\u00e7\u00e3o. Segundo, a vis\u00e3o da preserva\u00e7\u00e3o e o est\u00edmulo para que, cada vez mais, tenhamos equipamentos p\u00fablicos e privados no nosso Centro Hist\u00f3rico, na miss\u00e3o de preservar e dar vida a ele\u201d.<\/p>\n<p align=\"justify\">O presidente Dinho Dowsley (PSD) ressaltou: \u201c\u00c9 importante que os secret\u00e1rios e o prefeito vejam o andamento da obra da nova sede da C\u00e2mara bem avan\u00e7ado, porque \u00e9 a estrutura futura que vai receber os novos parlamentares e que est\u00e1 ajudando a manter no Centro Hist\u00f3rico da cidade o Poder Legislativo. \u00c9 importante a nossa cidade ter uma melhor estrutura para receber a popula\u00e7\u00e3o. Estamos trabalhando para, em breve, entregar esse pr\u00e9dio\u201d.<\/p>\n<p align=\"justify\">O vice-prefeito Leo Bezerra (PSB) salientou a necessidade da nova estrutura: \u201cQuem sentia o dia a dia da C\u00e2mara Municipal sabe que ela j\u00e1 est\u00e1 pequena para a nossa popula\u00e7\u00e3o. Essa iniciativa merece aplausos \u00e0 C\u00e2mara, que decidiu permanecer no Centro e preservar a nossa hist\u00f3ria. \u00c9 uma satisfa\u00e7\u00e3o grande estar hoje na condi\u00e7\u00e3o de vice-prefeito, ter sido vereador, e saber que hoje Jo\u00e3o Pessoa est\u00e1 sendo bem cuidada\u201d.<\/p>\n<p align=\"justify\">O secret\u00e1rio municipal de infraestrutura, Rubens Falc\u00e3o, destacou sobre a constru\u00e7\u00e3o: \u201cUma obra linda, uma obra limpa, unindo o hist\u00f3rico com o moderno. A Seinfra (Secretaria Municipal de Infraestrutura) participou dos projetos complementares e estamos aqui auxiliando na parte da engenharia. Essa obra vai servir para revitalizar o nosso Centro Hist\u00f3rico, juntamente com a Defensoria P\u00fablica, que vai funcionar aqui ao lado. Ent\u00e3o, o Centro est\u00e1 come\u00e7ando a voltar \u00e0 vida e, com \u00f3rg\u00e3os p\u00fablicos funcionando, logo mais os servi\u00e7os v\u00e3o retornar aqui. J\u00e1 estamos discutindo com o presidente Dinho sobre um estacionamento, porque ser\u00e3o diversos \u00f3rg\u00e3os no entorno\u201d.<\/p>\n<p align=\"justify\">No dia 1\u00ba de fevereiro, foi aprovada a autoriza\u00e7\u00e3o de\u00a0<u><a href=\"https:\/\/joaopessoa.pb.leg.br\/cmjp-aprova-convenio-para-repasse-dos-recursos-da-construcao-de-nova-sede\/\" target=\"_blank\" rel=\"noopener\" data-saferedirecturl=\"https:\/\/www.google.com\/url?q=https:\/\/joaopessoa.pb.leg.br\/cmjp-aprova-convenio-para-repasse-dos-recursos-da-construcao-de-nova-sede\/&amp;source=gmail&amp;ust=1730828372956000&amp;usg=AOvVaw16T0bu6drFec5qMrq36ugV\">conv\u00eanio<\/a><\/u>\u00a0do Executivo com o Legislativo para repasse de recursos destinados \u00e0 constru\u00e7\u00e3o. A solenidade de\u00a0<u><a href=\"https:\/\/joaopessoa.pb.leg.br\/cmjp-homologa-contratacao-de-empresa-e-assina-ordem-de-servico-para-obra-de-nova-sede\/\" target=\"_blank\" rel=\"noopener\" data-saferedirecturl=\"https:\/\/www.google.com\/url?q=https:\/\/joaopessoa.pb.leg.br\/cmjp-homologa-contratacao-de-empresa-e-assina-ordem-de-servico-para-obra-de-nova-sede\/&amp;source=gmail&amp;ust=1730828372956000&amp;usg=AOvVaw3aj1nbK5enmSEIqQT1oncc\">assinatura<\/a><\/u>\u00a0da ordem de servi\u00e7o da obra de constru\u00e7\u00e3o da nova sede aconteceu no dia 21 de dezembro de 2023.<\/p>\n<p align=\"justify\">A atual sede do Legislativo Municipal foi pensada na d\u00e9cada de 1970, quando havia 12 vereadores. Considerando o estado atual e prevendo a expans\u00e3o futura demandada pelo crescimento da cidade, que est\u00e1 prestes a atingir um milh\u00e3o de habitantes, o projeto contempla a constru\u00e7\u00e3o de um pr\u00e9dio com 32 gabinetes.<\/p>\n<div>CMJP<\/div>\n","protected":false},"excerpt":{"rendered":"<p>O presidente da C\u00e2mara Municipal de Jo\u00e3o Pessoa (CMJP), Dinho Dowsley (PSD), recebeu o prefeito C\u00edcero Lucena (PP) e secret\u00e1rios municipais para uma visita \u00e0 obra da nova sede do Legislativo Municipal, na Rua das Trincheiras. Sobre o andamento da constru\u00e7\u00e3o, o prefeito afirmou: \u201c\u00c9 muito bom quando voc\u00ea participa de um projeto e v\u00ea &hellip;<\/p>\n","protected":false},"author":1,"featured_media":115224,"comment_status":"open","ping_status":"open","sticky":false,"template":"","format":"standard","meta":{"footnotes":""},"categories":[8],"tags":[],"class_list":["post-123407","post","type-post","status-publish","format-standard","has-post-thumbnail","hentry","category-politica"],"_links":{"self":[{"href":"https:\/\/iparaiba.com.br\/index.php\/wp-json\/wp\/v2\/posts\/123407","targetHints":{"allow":["GET"]}}],"collection":[{"href":"https:\/\/iparaiba.com.br\/index.php\/wp-json\/wp\/v2\/posts"}],"about":[{"href":"https:\/\/iparaiba.com.br\/index.php\/wp-json\/wp\/v2\/types\/post"}],"author":[{"embeddable":true,"href":"https:\/\/iparaiba.com.br\/index.php\/wp-json\/wp\/v2\/users\/1"}],"replies":[{"embeddable":true,"href":"https:\/\/iparaiba.com.br\/index.php\/wp-json\/wp\/v2\/comments?post=123407"}],"version-history":[{"count":0,"href":"https:\/\/iparaiba.com.br\/index.php\/wp-json\/wp\/v2\/posts\/123407\/revisions"}],"wp:featuredmedia":[{"embeddable":true,"href":"https:\/\/iparaiba.com.br\/index.php\/wp-json\/wp\/v2\/media\/115224"}],"wp:attachment":[{"href":"https:\/\/iparaiba.com.br\/index.php\/wp-json\/wp\/v2\/media?parent=123407"}],"wp:term":[{"taxonomy":"category","embeddable":true,"href":"https:\/\/iparaiba.com.br\/index.php\/wp-json\/wp\/v2\/categories?post=123407"},{"taxonomy":"post_tag","embeddable":true,"href":"https:\/\/iparaiba.com.br\/index.php\/wp-json\/wp\/v2\/tags?post=123407"}],"curies":[{"name":"wp","href":"https:\/\/api.w.org\/{rel}","templated":true}]}}