{"id":123403,"date":"2024-11-05T16:00:31","date_gmt":"2024-11-05T19:00:31","guid":{"rendered":"https:\/\/onordeste.com.br\/?p=123403"},"modified":"2024-11-05T16:00:31","modified_gmt":"2024-11-05T19:00:31","slug":"prazo-para-justificar-ausencia-no-segundo-turno","status":"publish","type":"post","link":"https:\/\/iparaiba.com.br\/index.php\/2024\/11\/05\/prazo-para-justificar-ausencia-no-segundo-turno\/","title":{"rendered":"Prazo para justificar aus\u00eancia no segundo turno"},"content":{"rendered":"<p>Eleitores que n\u00e3o compareceram \u00e0s urnas no segundo turno das elei\u00e7\u00f5es, realizado nesse domingo (27), t\u00eam at\u00e9 o dia 7 de janeiro de 2025 para justificar a aus\u00eancia. Eleitores no exterior t\u00eam at\u00e9 30 dias ap\u00f3s o retorno ao pa\u00eds para justificar a aus\u00eancia, caso esse retorno ocorra ap\u00f3s o fim do prazo previsto no calend\u00e1rio eleitoral.<img decoding=\"async\" src=\"https:\/\/agenciabrasil.ebc.com.br\/ebc.png?id=1617220&amp;o=node\" \/><img decoding=\"async\" src=\"https:\/\/agenciabrasil.ebc.com.br\/ebc.gif?id=1617220&amp;o=node\" \/><\/p>\n<p>A justificativa pode ser feita por meio do aplicativo e-T\u00edtulo, do\u00a0<a href=\"https:\/\/www.tse.jus.br\/servicos-eleitorais\/autoatendimento-eleitoral#\/justifica-tn3\/home\" target=\"_blank\" rel=\"noreferrer noopener\">autoatendimento<\/a>\u00a0eleitoral ou do\u00a0<a href=\"https:\/\/www.tse.jus.br\/++theme++justica_eleitoral\/pdfjs\/web\/viewer.html?file=https:\/\/www.tse.jus.br\/servicos-eleitorais\/justificativa-eleitoral\/arquivos\/formulario-requerimento-de-justificativa-eleitoral-rje-eleicoes-2024\/@@download\/file\/formulario-requerimento-de-justificativa-eleitoral-rje-eleicoes-2024.pdf\" target=\"_blank\" rel=\"noreferrer noopener\">Formul\u00e1rio de Requerimento de Justificativa Eleitoral\u00a0<\/a>(p\u00f3s-elei\u00e7\u00e3o). Neste \u00faltimo caso, o documento deve ser entregue em qualquer cart\u00f3rio eleitoral ou enviado via postal \u00e0 autoridade judici\u00e1ria da zona eleitoral respons\u00e1vel pelo t\u00edtulo.<\/p>\n<p>Seja qual for a op\u00e7\u00e3o escolhida, a documenta\u00e7\u00e3o que comprove o motivo da aus\u00eancia deve ser anexada para an\u00e1lise da autoridade judici\u00e1ria da zona eleitoral respons\u00e1vel pelo t\u00edtulo. Caso a justificativa seja aceita, haver\u00e1 o registro no hist\u00f3rico do t\u00edtulo eleitoral. Se a justificativa n\u00e3o for aceita, ser\u00e1 preciso quitar o d\u00e9bito.<\/p>\n<p>Para quem n\u00e3o votou no primeiro turno, o prazo vai at\u00e9 5 de dezembro.<\/p>\n<p>\u201cCada justificativa \u00e9 v\u00e1lida somente para o turno ao qual voc\u00ea n\u00e3o tenha comparecido por estar fora de seu domic\u00edlio eleitoral. Assim, caso tenha deixado de votar no primeiro e no segundo turno da elei\u00e7\u00e3o, ter\u00e1 de justificar a aus\u00eancia a cada um, separadamente, obedecendo aos requisitos e prazos de cada turno\u201d, informou o Tribunal Superior Eleitoral (TSE).<\/p>\n","protected":false},"excerpt":{"rendered":"<p>Eleitores que n\u00e3o compareceram \u00e0s urnas no segundo turno das elei\u00e7\u00f5es, realizado nesse domingo (27), t\u00eam at\u00e9 o dia 7 de janeiro de 2025 para justificar a aus\u00eancia. Eleitores no exterior t\u00eam at\u00e9 30 dias ap\u00f3s o retorno ao pa\u00eds para justificar a aus\u00eancia, caso esse retorno ocorra ap\u00f3s o fim do prazo previsto no &hellip;<\/p>\n","protected":false},"author":1,"featured_media":98257,"comment_status":"open","ping_status":"open","sticky":false,"template":"","format":"standard","meta":{"footnotes":""},"categories":[6],"tags":[],"class_list":["post-123403","post","type-post","status-publish","format-standard","has-post-thumbnail","hentry","category-destaques"],"_links":{"self":[{"href":"https:\/\/iparaiba.com.br\/index.php\/wp-json\/wp\/v2\/posts\/123403","targetHints":{"allow":["GET"]}}],"collection":[{"href":"https:\/\/iparaiba.com.br\/index.php\/wp-json\/wp\/v2\/posts"}],"about":[{"href":"https:\/\/iparaiba.com.br\/index.php\/wp-json\/wp\/v2\/types\/post"}],"author":[{"embeddable":true,"href":"https:\/\/iparaiba.com.br\/index.php\/wp-json\/wp\/v2\/users\/1"}],"replies":[{"embeddable":true,"href":"https:\/\/iparaiba.com.br\/index.php\/wp-json\/wp\/v2\/comments?post=123403"}],"version-history":[{"count":0,"href":"https:\/\/iparaiba.com.br\/index.php\/wp-json\/wp\/v2\/posts\/123403\/revisions"}],"wp:featuredmedia":[{"embeddable":true,"href":"https:\/\/iparaiba.com.br\/index.php\/wp-json\/wp\/v2\/media\/98257"}],"wp:attachment":[{"href":"https:\/\/iparaiba.com.br\/index.php\/wp-json\/wp\/v2\/media?parent=123403"}],"wp:term":[{"taxonomy":"category","embeddable":true,"href":"https:\/\/iparaiba.com.br\/index.php\/wp-json\/wp\/v2\/categories?post=123403"},{"taxonomy":"post_tag","embeddable":true,"href":"https:\/\/iparaiba.com.br\/index.php\/wp-json\/wp\/v2\/tags?post=123403"}],"curies":[{"name":"wp","href":"https:\/\/api.w.org\/{rel}","templated":true}]}}