{"id":123396,"date":"2024-11-05T08:00:33","date_gmt":"2024-11-05T11:00:33","guid":{"rendered":"https:\/\/onordeste.com.br\/?p=123393"},"modified":"2024-11-05T08:00:33","modified_gmt":"2024-11-05T11:00:33","slug":"policia-federal-atua-na-seguranca-do-enem-2024","status":"publish","type":"post","link":"https:\/\/iparaiba.com.br\/index.php\/2024\/11\/05\/policia-federal-atua-na-seguranca-do-enem-2024\/","title":{"rendered":"Pol\u00edcia Federal atua na seguran\u00e7a do ENEM 2024"},"content":{"rendered":"<p><strong>Bras\u00edlia\/DF.<\/strong>\u00a0A Pol\u00edcia Federal participa neste domingo (3\/11), juntamente com outros \u00f3rg\u00e3os de seguran\u00e7a p\u00fablica, da primeira fase do Exame Nacional do Ensino M\u00e9dio (Enem) 2024, compondo a Opera\u00e7\u00e3o Integrada de Seguran\u00e7a do ENEM, coordenada pela Diretoria de Opera\u00e7\u00f5es Integradas e Intelig\u00eancia do Minist\u00e9rio da Justi\u00e7a e Seguran\u00e7a P\u00fablica (DIOPI\/SENASP\/MJSP).<\/p>\n<p>A opera\u00e7\u00e3o visa garantir a seguran\u00e7a na realiza\u00e7\u00e3o do certame, cabendo \u00e0 Pol\u00edcia Federal a\u00e7\u00f5es de pol\u00edcia judici\u00e1ria e de intelig\u00eancia para prevenir e reprimir fraudes.<\/p>\n<p>Participaram das a\u00e7\u00f5es mais de 750 policiais federais, distribu\u00eddos em todos os Estados da Federa\u00e7\u00e3o e no Distrito Federal.<\/p>\n<p><i>Coordena\u00e7\u00e3o-Geral de Comunica\u00e7\u00e3o Social<\/i><\/p>\n","protected":false},"excerpt":{"rendered":"<p>Bras\u00edlia\/DF.\u00a0A Pol\u00edcia Federal participa neste domingo (3\/11), juntamente com outros \u00f3rg\u00e3os de seguran\u00e7a p\u00fablica, da primeira fase do Exame Nacional do Ensino M\u00e9dio (Enem) 2024, compondo a Opera\u00e7\u00e3o Integrada de Seguran\u00e7a do ENEM, coordenada pela Diretoria de Opera\u00e7\u00f5es Integradas e Intelig\u00eancia do Minist\u00e9rio da Justi\u00e7a e Seguran\u00e7a P\u00fablica (DIOPI\/SENASP\/MJSP). A opera\u00e7\u00e3o visa garantir a seguran\u00e7a &hellip;<\/p>\n","protected":false},"author":1,"featured_media":97627,"comment_status":"open","ping_status":"open","sticky":false,"template":"","format":"standard","meta":{"footnotes":""},"categories":[11],"tags":[],"class_list":["post-123396","post","type-post","status-publish","format-standard","has-post-thumbnail","hentry","category-educacao"],"_links":{"self":[{"href":"https:\/\/iparaiba.com.br\/index.php\/wp-json\/wp\/v2\/posts\/123396","targetHints":{"allow":["GET"]}}],"collection":[{"href":"https:\/\/iparaiba.com.br\/index.php\/wp-json\/wp\/v2\/posts"}],"about":[{"href":"https:\/\/iparaiba.com.br\/index.php\/wp-json\/wp\/v2\/types\/post"}],"author":[{"embeddable":true,"href":"https:\/\/iparaiba.com.br\/index.php\/wp-json\/wp\/v2\/users\/1"}],"replies":[{"embeddable":true,"href":"https:\/\/iparaiba.com.br\/index.php\/wp-json\/wp\/v2\/comments?post=123396"}],"version-history":[{"count":1,"href":"https:\/\/iparaiba.com.br\/index.php\/wp-json\/wp\/v2\/posts\/123396\/revisions"}],"predecessor-version":[{"id":123425,"href":"https:\/\/iparaiba.com.br\/index.php\/wp-json\/wp\/v2\/posts\/123396\/revisions\/123425"}],"wp:featuredmedia":[{"embeddable":true,"href":"https:\/\/iparaiba.com.br\/index.php\/wp-json\/wp\/v2\/media\/97627"}],"wp:attachment":[{"href":"https:\/\/iparaiba.com.br\/index.php\/wp-json\/wp\/v2\/media?parent=123396"}],"wp:term":[{"taxonomy":"category","embeddable":true,"href":"https:\/\/iparaiba.com.br\/index.php\/wp-json\/wp\/v2\/categories?post=123396"},{"taxonomy":"post_tag","embeddable":true,"href":"https:\/\/iparaiba.com.br\/index.php\/wp-json\/wp\/v2\/tags?post=123396"}],"curies":[{"name":"wp","href":"https:\/\/api.w.org\/{rel}","templated":true}]}}