{"id":123395,"date":"2024-11-05T06:00:01","date_gmt":"2024-11-05T09:00:01","guid":{"rendered":"https:\/\/onordeste.com.br\/?p=123390"},"modified":"2024-11-05T06:00:01","modified_gmt":"2024-11-05T09:00:01","slug":"pf-conclui-inquerito-referente-ao-duplo-homicidio-de-bruno-pereira-e-dom-phillips","status":"publish","type":"post","link":"https:\/\/iparaiba.com.br\/index.php\/2024\/11\/05\/pf-conclui-inquerito-referente-ao-duplo-homicidio-de-bruno-pereira-e-dom-phillips\/","title":{"rendered":"PF conclui inqu\u00e9rito referente ao duplo homic\u00eddio de Bruno Pereira e Dom Phillips"},"content":{"rendered":"<p align=\"center\"><b>Manaus<\/b>\/<b>AM.<\/b>\u00a0A Pol\u00edcia Federal concluiu, na \u00faltima sexta-feira (1\/11), o inqu\u00e9rito referente ao duplo homic\u00eddio do indigenista Bruno Pereira e do jornalista brit\u00e2nico Dom Phillips, ocorrido em 5 de junho de 2022, nas proximidades da terra ind\u00edgena Vale do Javari, circunscri\u00e7\u00e3o de Atalaia do Norte\/AM.<\/p>\n<p>A investiga\u00e7\u00e3o confirmou que os assassinatos foram em decorr\u00eancia das atividades fiscalizat\u00f3rias promovidas por Bruno Pereira na regi\u00e3o. A v\u00edtima atuava em defesa da preserva\u00e7\u00e3o ambiental e na garantia dos direitos ind\u00edgenas.<\/p>\n<p>A Pol\u00edcia Federal, ao longo de dois anos de investiga\u00e7\u00e3o, promoveu o indiciamento de nove investigados, tendo sido devidamente identificado no relat\u00f3rio final o mandante do duplo-homic\u00eddio, o qual forneceu cartuchos para a execu\u00e7\u00e3o do crime, patrocinou financeiramente as atividades da organiza\u00e7\u00e3o criminosa e interveio para coordenar a oculta\u00e7\u00e3o dos cad\u00e1veres das v\u00edtimas. Os demais indiciados tiveram pap\u00e9is na execu\u00e7\u00e3o dos homic\u00eddios e na oculta\u00e7\u00e3o dos cad\u00e1veres das v\u00edtimas.<\/p>\n<p>O inqu\u00e9rito revelou, ainda, a atua\u00e7\u00e3o da criminalidade organizada na regi\u00e3o de Atalaia do Norte\/AM, ligada \u00e0 pesca e ca\u00e7a predat\u00f3rias. A a\u00e7\u00e3o do grupo criminoso gerou impactos socioambientais, causou amea\u00e7as aos servidores de prote\u00e7\u00e3o ambiental e as popula\u00e7\u00f5es ind\u00edgenas. O coordenador do grupo criminoso foi identificado no relat\u00f3rio final da Pol\u00edcia Federal e se encontra preso.<\/p>\n<p>Refor\u00e7ando o compromisso com a seguran\u00e7a e prote\u00e7\u00e3o do meio ambiente e dos direitos ind\u00edgenas, a Pol\u00edcia Federal informa que continua monitorando os riscos aos habitantes da regi\u00e3o do Vale do Javari, bem como possui investiga\u00e7\u00f5es em andamento acerca de amea\u00e7as contra ind\u00edgenas que residem na localidade.<\/p>\n<p class=\"Default\" align=\"right\"><em>Comunica\u00e7\u00e3o Social\u00a0da Pol\u00edcia Federal no Amazonas<\/em><\/p>\n","protected":false},"excerpt":{"rendered":"<p>Manaus\/AM.\u00a0A Pol\u00edcia Federal concluiu, na \u00faltima sexta-feira (1\/11), o inqu\u00e9rito referente ao duplo homic\u00eddio do indigenista Bruno Pereira e do jornalista brit\u00e2nico Dom Phillips, ocorrido em 5 de junho de 2022, nas proximidades da terra ind\u00edgena Vale do Javari, circunscri\u00e7\u00e3o de Atalaia do Norte\/AM. A investiga\u00e7\u00e3o confirmou que os assassinatos foram em decorr\u00eancia das atividades &hellip;<\/p>\n","protected":false},"author":1,"featured_media":123336,"comment_status":"open","ping_status":"open","sticky":false,"template":"","format":"standard","meta":{"footnotes":""},"categories":[13],"tags":[],"class_list":["post-123395","post","type-post","status-publish","format-standard","has-post-thumbnail","hentry","category-policial"],"_links":{"self":[{"href":"https:\/\/iparaiba.com.br\/index.php\/wp-json\/wp\/v2\/posts\/123395","targetHints":{"allow":["GET"]}}],"collection":[{"href":"https:\/\/iparaiba.com.br\/index.php\/wp-json\/wp\/v2\/posts"}],"about":[{"href":"https:\/\/iparaiba.com.br\/index.php\/wp-json\/wp\/v2\/types\/post"}],"author":[{"embeddable":true,"href":"https:\/\/iparaiba.com.br\/index.php\/wp-json\/wp\/v2\/users\/1"}],"replies":[{"embeddable":true,"href":"https:\/\/iparaiba.com.br\/index.php\/wp-json\/wp\/v2\/comments?post=123395"}],"version-history":[{"count":1,"href":"https:\/\/iparaiba.com.br\/index.php\/wp-json\/wp\/v2\/posts\/123395\/revisions"}],"predecessor-version":[{"id":123424,"href":"https:\/\/iparaiba.com.br\/index.php\/wp-json\/wp\/v2\/posts\/123395\/revisions\/123424"}],"wp:featuredmedia":[{"embeddable":true,"href":"https:\/\/iparaiba.com.br\/index.php\/wp-json\/wp\/v2\/media\/123336"}],"wp:attachment":[{"href":"https:\/\/iparaiba.com.br\/index.php\/wp-json\/wp\/v2\/media?parent=123395"}],"wp:term":[{"taxonomy":"category","embeddable":true,"href":"https:\/\/iparaiba.com.br\/index.php\/wp-json\/wp\/v2\/categories?post=123395"},{"taxonomy":"post_tag","embeddable":true,"href":"https:\/\/iparaiba.com.br\/index.php\/wp-json\/wp\/v2\/tags?post=123395"}],"curies":[{"name":"wp","href":"https:\/\/api.w.org\/{rel}","templated":true}]}}