{"id":123375,"date":"2024-10-29T14:12:07","date_gmt":"2024-10-29T17:12:07","guid":{"rendered":"https:\/\/onordeste.com.br\/?p=123340"},"modified":"2024-10-29T14:12:07","modified_gmt":"2024-10-29T17:12:07","slug":"pccr-da-limpeza-urbana-e-solicitado-na-tribuna","status":"publish","type":"post","link":"https:\/\/iparaiba.com.br\/index.php\/2024\/10\/29\/pccr-da-limpeza-urbana-e-solicitado-na-tribuna\/","title":{"rendered":"PCCR da Limpeza Urbana \u00e9 solicitado na tribuna"},"content":{"rendered":"<p>Em seu primeiro discurso, na C\u00e2mara Municipal de Jo\u00e3o Pessoa (CMJP), o vereador Renato Martins (Avante) solicitou empenho dos pares na cria\u00e7\u00e3o do Plano de Cargos, Carreiras e Remunera\u00e7\u00e3o (PCCR) dos servidores da Autarquia Especial Municipal de Limpeza Urbana (Emlur). Na sess\u00e3o ordin\u00e1ria desta quinta-feira (24), o vereador ainda sugeriu a implanta\u00e7\u00e3o de uma Bolsa Reciclagem para os agentes de coleta seletiva da cidade.<\/p>\n<p>\u201cOntem eu estive na Emlur e conversei com alguns colegas. Precisamos discutir uma quest\u00e3o muito s\u00e9ria. L\u00e1, existe um quadro de servidores na condi\u00e7\u00e3o de estatut\u00e1rios, mas, na pr\u00e1tica, n\u00e3o o s\u00e3o. Na d\u00e9cada de 90, foi criado um quadro especial e todos foram enquadrados como agentes de limpeza. Com o passar do tempo, esses servidores est\u00e3o caminhando para se aposentar e, claro que o que aconteceu na d\u00e9cada de 90 vai impactar agora\u201d, relatou.<\/p>\n<p>Renato Martins ressaltou que nesse meio tempo muitos desses servidores j\u00e1 est\u00e3o trabalhando em outras fun\u00e7\u00f5es, como psic\u00f3logo, enfermeiros, t\u00e9cnicos administrativos, assistentes sociais e engenheiros. \u201c\u00c9 preciso que se pense em um PCCR para os trabalhadores da Emlur, com urg\u00eancia. Se esta Casa fizer isto, estar\u00e1 fazendo justi\u00e7a, estar\u00e1 fazendo um reconhecimento \u00e0queles profissionais. Muitos deles correm 14 quil\u00f4metros em ve\u00edculo compactador, pegando nossos dejetos. N\u00e3o podemos virar as costas para eles\u201d, asseverou.<\/p>\n","protected":false},"excerpt":{"rendered":"<p>Em seu primeiro discurso, na C\u00e2mara Municipal de Jo\u00e3o Pessoa (CMJP), o vereador Renato Martins (Avante) solicitou empenho dos pares na cria\u00e7\u00e3o do Plano de Cargos, Carreiras e Remunera\u00e7\u00e3o (PCCR) dos servidores da Autarquia Especial Municipal de Limpeza Urbana (Emlur). Na sess\u00e3o ordin\u00e1ria desta quinta-feira (24), o vereador ainda sugeriu a implanta\u00e7\u00e3o de uma Bolsa &hellip;<\/p>\n","protected":false},"author":1,"featured_media":99615,"comment_status":"open","ping_status":"open","sticky":false,"template":"","format":"standard","meta":{"footnotes":""},"categories":[8],"tags":[],"class_list":["post-123375","post","type-post","status-publish","format-standard","has-post-thumbnail","hentry","category-politica"],"_links":{"self":[{"href":"https:\/\/iparaiba.com.br\/index.php\/wp-json\/wp\/v2\/posts\/123375","targetHints":{"allow":["GET"]}}],"collection":[{"href":"https:\/\/iparaiba.com.br\/index.php\/wp-json\/wp\/v2\/posts"}],"about":[{"href":"https:\/\/iparaiba.com.br\/index.php\/wp-json\/wp\/v2\/types\/post"}],"author":[{"embeddable":true,"href":"https:\/\/iparaiba.com.br\/index.php\/wp-json\/wp\/v2\/users\/1"}],"replies":[{"embeddable":true,"href":"https:\/\/iparaiba.com.br\/index.php\/wp-json\/wp\/v2\/comments?post=123375"}],"version-history":[{"count":0,"href":"https:\/\/iparaiba.com.br\/index.php\/wp-json\/wp\/v2\/posts\/123375\/revisions"}],"wp:featuredmedia":[{"embeddable":true,"href":"https:\/\/iparaiba.com.br\/index.php\/wp-json\/wp\/v2\/media\/99615"}],"wp:attachment":[{"href":"https:\/\/iparaiba.com.br\/index.php\/wp-json\/wp\/v2\/media?parent=123375"}],"wp:term":[{"taxonomy":"category","embeddable":true,"href":"https:\/\/iparaiba.com.br\/index.php\/wp-json\/wp\/v2\/categories?post=123375"},{"taxonomy":"post_tag","embeddable":true,"href":"https:\/\/iparaiba.com.br\/index.php\/wp-json\/wp\/v2\/tags?post=123375"}],"curies":[{"name":"wp","href":"https:\/\/api.w.org\/{rel}","templated":true}]}}