{"id":123371,"date":"2024-10-31T18:00:36","date_gmt":"2024-10-31T21:00:36","guid":{"rendered":"https:\/\/onordeste.com.br\/?p=123371"},"modified":"2024-10-31T18:00:36","modified_gmt":"2024-10-31T21:00:36","slug":"joao-pessoa-paga-aos-servidores","status":"publish","type":"post","link":"https:\/\/iparaiba.com.br\/index.php\/2024\/10\/31\/joao-pessoa-paga-aos-servidores\/","title":{"rendered":"Jo\u00e3o Pessoa paga aos servidores"},"content":{"rendered":"<p>A Prefeitura de Jo\u00e3o Pessoa paga os sal\u00e1rios dos servidores p\u00fablicos municipais referente ao m\u00eas de outubro nesta quarta (30) e quinta-feira (31). O calend\u00e1rio de pagamentos foi definido pelas secretarias de Administra\u00e7\u00e3o (Sead) e Finan\u00e7as (Sefin) e acontece dentro do m\u00eas trabalhado, como \u00e9 realizado desde o in\u00edcio da gest\u00e3o do prefeito C\u00edcero Lucena.<\/p>\n<p>O pagamento acontece na quarta-feira (30) para os servidores aposentados e pensionistas do Instituto de Previd\u00eancia do Munic\u00edpio (IPM) e, na quinta-feira (31), para os servidores da ativa, entre efetivos, comissionados e prestadores de servi\u00e7o.<\/p>\n","protected":false},"excerpt":{"rendered":"<p>A Prefeitura de Jo\u00e3o Pessoa paga os sal\u00e1rios dos servidores p\u00fablicos municipais referente ao m\u00eas de outubro nesta quarta (30) e quinta-feira (31). O calend\u00e1rio de pagamentos foi definido pelas secretarias de Administra\u00e7\u00e3o (Sead) e Finan\u00e7as (Sefin) e acontece dentro do m\u00eas trabalhado, como \u00e9 realizado desde o in\u00edcio da gest\u00e3o do prefeito C\u00edcero Lucena. &hellip;<\/p>\n","protected":false},"author":1,"featured_media":115192,"comment_status":"open","ping_status":"open","sticky":false,"template":"","format":"standard","meta":{"footnotes":""},"categories":[12],"tags":[],"class_list":["post-123371","post","type-post","status-publish","format-standard","has-post-thumbnail","hentry","category-emprego"],"_links":{"self":[{"href":"https:\/\/iparaiba.com.br\/index.php\/wp-json\/wp\/v2\/posts\/123371","targetHints":{"allow":["GET"]}}],"collection":[{"href":"https:\/\/iparaiba.com.br\/index.php\/wp-json\/wp\/v2\/posts"}],"about":[{"href":"https:\/\/iparaiba.com.br\/index.php\/wp-json\/wp\/v2\/types\/post"}],"author":[{"embeddable":true,"href":"https:\/\/iparaiba.com.br\/index.php\/wp-json\/wp\/v2\/users\/1"}],"replies":[{"embeddable":true,"href":"https:\/\/iparaiba.com.br\/index.php\/wp-json\/wp\/v2\/comments?post=123371"}],"version-history":[{"count":1,"href":"https:\/\/iparaiba.com.br\/index.php\/wp-json\/wp\/v2\/posts\/123371\/revisions"}],"predecessor-version":[{"id":123392,"href":"https:\/\/iparaiba.com.br\/index.php\/wp-json\/wp\/v2\/posts\/123371\/revisions\/123392"}],"wp:featuredmedia":[{"embeddable":true,"href":"https:\/\/iparaiba.com.br\/index.php\/wp-json\/wp\/v2\/media\/115192"}],"wp:attachment":[{"href":"https:\/\/iparaiba.com.br\/index.php\/wp-json\/wp\/v2\/media?parent=123371"}],"wp:term":[{"taxonomy":"category","embeddable":true,"href":"https:\/\/iparaiba.com.br\/index.php\/wp-json\/wp\/v2\/categories?post=123371"},{"taxonomy":"post_tag","embeddable":true,"href":"https:\/\/iparaiba.com.br\/index.php\/wp-json\/wp\/v2\/tags?post=123371"}],"curies":[{"name":"wp","href":"https:\/\/api.w.org\/{rel}","templated":true}]}}