{"id":123370,"date":"2024-10-31T14:00:39","date_gmt":"2024-10-31T17:00:39","guid":{"rendered":"https:\/\/onordeste.com.br\/?p=123369"},"modified":"2024-10-31T14:00:39","modified_gmt":"2024-10-31T17:00:39","slug":"sus-possui-diagnostico-e-tratamento-gratuito-para-pessoas-com-doenca-falciforme","status":"publish","type":"post","link":"https:\/\/iparaiba.com.br\/index.php\/2024\/10\/31\/sus-possui-diagnostico-e-tratamento-gratuito-para-pessoas-com-doenca-falciforme\/","title":{"rendered":"SUS possui diagn\u00f3stico e tratamento gratuito para pessoas com doen\u00e7a falciforme"},"content":{"rendered":"<p class=\"Normal\"><span class=\"tm5\">No Dia Nacional de Luta pelos Direitos das Pessoas com\u00a0<a class=\"external-link\" title=\"Doen\u00e7a Falciforme\" href=\"https:\/\/www.gov.br\/saude\/pt-br\/assuntos\/saude-de-a-a-z\/d\/doenca-falciforme\" target=\"_blank\" rel=\"noopener\" data-tippreview-enabled=\"false\" data-tippreview-image=\"\" data-tippreview-title=\"\">Doen\u00e7a Falciforme<\/a>, lembrado neste domingo (27\/10), o Minist\u00e9rio da Sa\u00fade destaca importantes avan\u00e7os no tratamento e novas pol\u00edticas para melhorar a qualidade de vida dessa popula\u00e7\u00e3o. Entre essas iniciativas est\u00e1 a inclus\u00e3o da doen\u00e7a, desde 2023, na Lista Nacional de Notifica\u00e7\u00e3o Compuls\u00f3ria de Doen\u00e7as, Agravos e Eventos de Sa\u00fade P\u00fablica. Isso significa que, a partir da ocorr\u00eancia de suspeita ou confirma\u00e7\u00e3o da doen\u00e7a, os profissionais de sa\u00fade ou respons\u00e1veis pelos estabelecimentos de sa\u00fade, p\u00fablicos ou privados, devem realizar a comunica\u00e7\u00e3o obrigat\u00f3ria \u00e0 pasta. Com essa informa\u00e7\u00e3o, o Minist\u00e9rio da Sa\u00fade pode planejar pol\u00edticas espec\u00edficas, que v\u00e3o de encontro \u00e0s reais necessidades dos pacientes.<\/span><\/p>\n<p class=\"Normal\"><span class=\"tm5\">A secret\u00e1ria de\u00a0<a class=\"external-link\" title=\"\" href=\"https:\/\/www.gov.br\/saude\/pt-br\/composicao\/svsa\" target=\"_blank\" rel=\"noopener\" data-tippreview-enabled=\"false\" data-tippreview-image=\"\" data-tippreview-title=\"\">Vigil\u00e2ncia em Sa\u00fade e Ambiente\u00a0<\/a>, Ethel Maciel, explica que a notifica\u00e7\u00e3o compuls\u00f3ria a n\u00edvel nacional permite direcionar a\u00e7\u00f5es em sa\u00fade p\u00fablica de forma eficaz e monitorar os resultados dessas a\u00e7\u00f5es. \u201cEsses dados fornecem subs\u00eddios para an\u00e1lises do cen\u00e1rio epidemiol\u00f3gico e para identifica\u00e7\u00e3o dos principais riscos \u00e0 popula\u00e7\u00e3o\u201d, detalha. Al\u00e9m de medidas como essa, j\u00e1 implementadas e dispon\u00edveis no\u00a0<a class=\"external-link\" title=\"\" href=\"https:\/\/www.gov.br\/saude\/pt-br\/assuntos\/saude-de-a-a-z\/s\/sus\" target=\"_blank\" rel=\"noopener\" data-tippreview-enabled=\"false\" data-tippreview-image=\"\" data-tippreview-title=\"\">Sistema \u00danico de Sa\u00fade (SUS)\u00a0<\/a>, o Minist\u00e9rio da Sa\u00fade refor\u00e7a a necessidade de conscientizar a sociedade sobre a import\u00e2ncia da inclus\u00e3o e dos direitos das pessoas com a doen\u00e7a, al\u00e9m de refor\u00e7ar a luta por uma sociedade mais acess\u00edvel e igualit\u00e1ria.<\/span><\/p>\n<p class=\"Normal\"><span class=\"tm5\">A data foi institu\u00edda pela Lei n\u00ba 12.104\/2009 para dar visibilidade \u00e0 luta de quem enfrenta essa condi\u00e7\u00e3o heredit\u00e1ria e que atinge majoritariamente a popula\u00e7\u00e3o negra. Entre 2014 e 2020, 3,75 pessoas a cada 10 mil nascidos vivos no Brasil foram diagnosticadas com doen\u00e7a falciforme, com taxa de mortalidade de cerca de 0,28 \u00f3bitos por 100 mil habitantes.<\/span><\/p>\n<p class=\"Normal\"><span class=\"tm5\">Entre 2014 e 2023, 74,3% das mortes por doen\u00e7a falciforme no pa\u00eds ocorreram entre pessoas pardas ou negras, e 50,4% dos \u00f3bitos foram de homens. Os estados com maior n\u00famero de \u00f3bitos incluem S\u00e3o Paulo (\u00a0<\/span><span class=\"tm5\">16,29%)\u00a0<\/span><span class=\"tm5\">, Bahia (\u00a0<\/span><span class=\"tm5\">15,72%)\u00a0<\/span><span class=\"tm5\">, Minas Gerais (\u00a0<\/span><span class=\"tm5\">12,73%)\u00a0<\/span><span class=\"tm5\">e Rio de Janeiro (\u00a0<\/span><span class=\"tm5\">12,33%)\u00a0<\/span><span class=\"tm5\">. A doen\u00e7a falciforme, caracterizada pela altera\u00e7\u00e3o dos gl\u00f3bulos vermelhos, exige tratamento cont\u00ednuo para evitar complica\u00e7\u00f5es graves, como crises de dor, infec\u00e7\u00f5es e les\u00f5es em \u00f3rg\u00e3os vitais. O Minist\u00e9rio da Sa\u00fade refor\u00e7a a import\u00e2ncia do diagn\u00f3stico precoce e o acompanhamento.<\/span><\/p>\n<p class=\"Normal\"><span class=\"tm5\">Nesse sentido, em 2024, a Secretaria de Vigil\u00e2ncia em Sa\u00fade e Ambiente intensificou a\u00e7\u00f5es de qualifica\u00e7\u00e3o com os atores envolvidos a n\u00edvel estadual e municipal, que buscam orientar a implanta\u00e7\u00e3o da vigil\u00e2ncia nacional para a doen\u00e7a falciforme. Com isso, a expectativa \u00e9 que, uma vez que a base de dados para notifica\u00e7\u00e3o compuls\u00f3ria esteja consolidada, as informa\u00e7\u00f5es sejam amplamente divulgadas para a sociedade, podendo ser utilizadas por entidades representativas e institutos de pesquisa, por exemplo.<\/span><\/p>\n<p class=\"Normal\"><span class=\"tm5\">A coordenadora-geral da Federa\u00e7\u00e3o Nacional das Associa\u00e7\u00f5es de Pessoas com Doen\u00e7a Falciforme (Fenafal), Maria Zen\u00f3 Soares, apontou a mortalidade precoce como o impacto mais grave da doen\u00e7a e enfatizou a necessidade de incorporar novas tecnologias para que os pacientes possam viver com mais qualidade de vida. Ela celebrou a cria\u00e7\u00e3o da Pol\u00edtica Nacional de Aten\u00e7\u00e3o Integral \u00e0s Pessoas com Doen\u00e7a Falciforme, mencionando tamb\u00e9m avan\u00e7os como o transplante de medula \u00f3ssea e a nova dosagem de hidroxiureia. Al\u00e9m disso, citou centros de refer\u00eancia em Ilh\u00e9us (BA), Belo Horizonte (MG), Par\u00e1 e Alagoas como exemplos de refer\u00eancia no atendimento.<\/span><\/p>\n<p class=\"Normal\"><span class=\"tm5\">Zen\u00f3 defendeu a participa\u00e7\u00e3o social, com a amplia\u00e7\u00e3o da articula\u00e7\u00e3o entre associa\u00e7\u00f5es, governo e sociedade civil para fortalecer o movimento em prol da sa\u00fade da popula\u00e7\u00e3o negra e das pessoas com doen\u00e7a falciforme. &#8220;\u00c9 fundamental garantirmos a participa\u00e7\u00e3o em todos os espa\u00e7os de forma\u00e7\u00e3o e proposi\u00e7\u00e3o de pol\u00edticas p\u00fablicas, al\u00e9m de assegurar investimentos financeiros para a \u00e1rea&#8221;, concluiu.<\/span><\/p>\n","protected":false},"excerpt":{"rendered":"<p>No Dia Nacional de Luta pelos Direitos das Pessoas com\u00a0Doen\u00e7a Falciforme, lembrado neste domingo (27\/10), o Minist\u00e9rio da Sa\u00fade destaca importantes avan\u00e7os no tratamento e novas pol\u00edticas para melhorar a qualidade de vida dessa popula\u00e7\u00e3o. Entre essas iniciativas est\u00e1 a inclus\u00e3o da doen\u00e7a, desde 2023, na Lista Nacional de Notifica\u00e7\u00e3o Compuls\u00f3ria de Doen\u00e7as, Agravos e &hellip;<\/p>\n","protected":false},"author":1,"featured_media":97885,"comment_status":"open","ping_status":"open","sticky":false,"template":"","format":"standard","meta":{"footnotes":""},"categories":[2],"tags":[],"class_list":["post-123370","post","type-post","status-publish","format-standard","has-post-thumbnail","hentry","category-saude"],"_links":{"self":[{"href":"https:\/\/iparaiba.com.br\/index.php\/wp-json\/wp\/v2\/posts\/123370","targetHints":{"allow":["GET"]}}],"collection":[{"href":"https:\/\/iparaiba.com.br\/index.php\/wp-json\/wp\/v2\/posts"}],"about":[{"href":"https:\/\/iparaiba.com.br\/index.php\/wp-json\/wp\/v2\/types\/post"}],"author":[{"embeddable":true,"href":"https:\/\/iparaiba.com.br\/index.php\/wp-json\/wp\/v2\/users\/1"}],"replies":[{"embeddable":true,"href":"https:\/\/iparaiba.com.br\/index.php\/wp-json\/wp\/v2\/comments?post=123370"}],"version-history":[{"count":1,"href":"https:\/\/iparaiba.com.br\/index.php\/wp-json\/wp\/v2\/posts\/123370\/revisions"}],"predecessor-version":[{"id":123391,"href":"https:\/\/iparaiba.com.br\/index.php\/wp-json\/wp\/v2\/posts\/123370\/revisions\/123391"}],"wp:featuredmedia":[{"embeddable":true,"href":"https:\/\/iparaiba.com.br\/index.php\/wp-json\/wp\/v2\/media\/97885"}],"wp:attachment":[{"href":"https:\/\/iparaiba.com.br\/index.php\/wp-json\/wp\/v2\/media?parent=123370"}],"wp:term":[{"taxonomy":"category","embeddable":true,"href":"https:\/\/iparaiba.com.br\/index.php\/wp-json\/wp\/v2\/categories?post=123370"},{"taxonomy":"post_tag","embeddable":true,"href":"https:\/\/iparaiba.com.br\/index.php\/wp-json\/wp\/v2\/tags?post=123370"}],"curies":[{"name":"wp","href":"https:\/\/api.w.org\/{rel}","templated":true}]}}