{"id":123369,"date":"2024-10-31T12:00:29","date_gmt":"2024-10-31T15:00:29","guid":{"rendered":"https:\/\/onordeste.com.br\/?p=123367"},"modified":"2024-10-31T12:00:29","modified_gmt":"2024-10-31T15:00:29","slug":"mais-de-300-mil-beneficiarios-do-bpc-precisam-regularizar-cadunico","status":"publish","type":"post","link":"https:\/\/iparaiba.com.br\/index.php\/2024\/10\/31\/mais-de-300-mil-beneficiarios-do-bpc-precisam-regularizar-cadunico\/","title":{"rendered":"Mais de 300 mil benefici\u00e1rios do BPC precisam regularizar Cad\u00danico"},"content":{"rendered":"<p>Mais de 200 mil pessoas que recebem o Benef\u00edcio de Presta\u00e7\u00e3o Continuada (BPC) j\u00e1 se inscreveram e regularizaram sua situa\u00e7\u00e3o junto ao Cadastro \u00danico. Para continuar a receber o BPC, outros 305 mil benefici\u00e1rios ainda precisam se inscrever no Cad\u00danico. O procedimento vai ampliar a prote\u00e7\u00e3o social dos usu\u00e1rios dentro do Sistema \u00danico de Assist\u00eancia Social (SUAS).<\/p>\n<p>O diretor do Departamento de Prote\u00e7\u00e3o Social B\u00e1sica do Minist\u00e9rio do Desenvolvimento e Assist\u00eancia Social, Fam\u00edlia e Combate \u00e0 Fome (MDS), Elias Oliveira, refor\u00e7a que o Cadastro \u00danico garante o acesso a direitos como assist\u00eancia social, sa\u00fade e educa\u00e7\u00e3o.<\/p>\n<hr \/>\n<h4><strong>&#8220;Uma das regras para o recebimento do BPC \u00e9 estar inscrito no Cadastro \u00danico, portanto, se inscrever e manter as informa\u00e7\u00f5es atualizadas s\u00e3o fundamentais para a constru\u00e7\u00e3o da rede de prote\u00e7\u00e3o social no Brasil&#8221;, afirmou o diretor<\/strong><\/h4>\n<hr \/>\n<p>\u201c\u00c9 muito importante que os benefici\u00e1rios de programas sociais estejam com o seu cadastro atualizado. Uma das regras para o recebimento do BPC \u00e9 estar inscrito no Cadastro \u00danico, portanto, se inscrever e manter as informa\u00e7\u00f5es atualizadas s\u00e3o fundamentais para a constru\u00e7\u00e3o da rede de prote\u00e7\u00e3o social no Brasil\u201d, disse.<\/p>\n<p>Em setembro, foi publicada portaria interministerial estabelecendo novos prazos e procedimentos referentes \u00e0 inscri\u00e7\u00e3o e atualiza\u00e7\u00e3o cadastral dos benefici\u00e1rios do BPC. Com isso, pessoas fora do Cadastro \u00danico ou cadastros que n\u00e3o estiverem atualizados dentro do per\u00edodo previsto na legisla\u00e7\u00e3o podem sofrer bloqueios.<\/p>\n<h4><strong>Saiba como regularizar\u00a0<\/strong><\/h4>\n<p>O MDS orienta que quem teve o Benef\u00edcio de Presta\u00e7\u00e3o Continuada bloqueado por falta de inscri\u00e7\u00e3o no Cadastro \u00danico deve ligar para o telefone 135. O procedimento permitir\u00e1 o desbloqueio do BPC em at\u00e9 72 horas. O n\u00famero \u00e9 o canal oficial do Instituto Nacional do Seguro Social (INSS).<\/p>\n<p>Na liga\u00e7\u00e3o para o 135, o benefici\u00e1rio deve informar que est\u00e1 regularizando sua situa\u00e7\u00e3o no Cadastro \u00danico. A partir disso, o benefici\u00e1rio ter\u00e1 um prazo para realizar a inscri\u00e7\u00e3o ou a atualiza\u00e7\u00e3o cadastral. A central 135 atende liga\u00e7\u00f5es gratuitas de celular e telefone fixo.<\/p>\n<p>O prazo para regularizar a situa\u00e7\u00e3o no Cad\u00danico \u00e9 de 45 a 90 dias. Com o objetivo de atender \u00e0s demandas considerando as caracter\u00edsticas de cada local, esse per\u00edodo \u00e9 especificado conforme o tamanho do munic\u00edpio onde a pessoa reside.<\/p>\n","protected":false},"excerpt":{"rendered":"<p>Mais de 200 mil pessoas que recebem o Benef\u00edcio de Presta\u00e7\u00e3o Continuada (BPC) j\u00e1 se inscreveram e regularizaram sua situa\u00e7\u00e3o junto ao Cadastro \u00danico. Para continuar a receber o BPC, outros 305 mil benefici\u00e1rios ainda precisam se inscrever no Cad\u00danico. O procedimento vai ampliar a prote\u00e7\u00e3o social dos usu\u00e1rios dentro do Sistema \u00danico de Assist\u00eancia &hellip;<\/p>\n","protected":false},"author":1,"featured_media":97479,"comment_status":"open","ping_status":"open","sticky":false,"template":"","format":"standard","meta":{"footnotes":""},"categories":[7],"tags":[],"class_list":["post-123369","post","type-post","status-publish","format-standard","has-post-thumbnail","hentry","category-diversas"],"_links":{"self":[{"href":"https:\/\/iparaiba.com.br\/index.php\/wp-json\/wp\/v2\/posts\/123369","targetHints":{"allow":["GET"]}}],"collection":[{"href":"https:\/\/iparaiba.com.br\/index.php\/wp-json\/wp\/v2\/posts"}],"about":[{"href":"https:\/\/iparaiba.com.br\/index.php\/wp-json\/wp\/v2\/types\/post"}],"author":[{"embeddable":true,"href":"https:\/\/iparaiba.com.br\/index.php\/wp-json\/wp\/v2\/users\/1"}],"replies":[{"embeddable":true,"href":"https:\/\/iparaiba.com.br\/index.php\/wp-json\/wp\/v2\/comments?post=123369"}],"version-history":[{"count":1,"href":"https:\/\/iparaiba.com.br\/index.php\/wp-json\/wp\/v2\/posts\/123369\/revisions"}],"predecessor-version":[{"id":123390,"href":"https:\/\/iparaiba.com.br\/index.php\/wp-json\/wp\/v2\/posts\/123369\/revisions\/123390"}],"wp:featuredmedia":[{"embeddable":true,"href":"https:\/\/iparaiba.com.br\/index.php\/wp-json\/wp\/v2\/media\/97479"}],"wp:attachment":[{"href":"https:\/\/iparaiba.com.br\/index.php\/wp-json\/wp\/v2\/media?parent=123369"}],"wp:term":[{"taxonomy":"category","embeddable":true,"href":"https:\/\/iparaiba.com.br\/index.php\/wp-json\/wp\/v2\/categories?post=123369"},{"taxonomy":"post_tag","embeddable":true,"href":"https:\/\/iparaiba.com.br\/index.php\/wp-json\/wp\/v2\/tags?post=123369"}],"curies":[{"name":"wp","href":"https:\/\/api.w.org\/{rel}","templated":true}]}}