{"id":123367,"date":"2024-10-31T06:00:50","date_gmt":"2024-10-31T09:00:50","guid":{"rendered":"https:\/\/onordeste.com.br\/?p=123363"},"modified":"2024-10-31T06:00:50","modified_gmt":"2024-10-31T09:00:50","slug":"nisia-defende-alianca-internacional-contra-a-desinformacao-em-saude","status":"publish","type":"post","link":"https:\/\/iparaiba.com.br\/index.php\/2024\/10\/31\/nisia-defende-alianca-internacional-contra-a-desinformacao-em-saude\/","title":{"rendered":"N\u00edsia defende alian\u00e7a internacional contra a desinforma\u00e7\u00e3o em sa\u00fade"},"content":{"rendered":"<p class=\"\">No primeiro dia do encontro do\u00a0<a class=\"external-link\" title=\"\" href=\"https:\/\/www.gov.br\/saude\/pt-br\/assuntos\/g20-brasil\" target=\"_blank\" rel=\"noopener\" data-tippreview-enabled=\"false\" data-tippreview-image=\"\" data-tippreview-title=\"\">G20\u00a0<\/a>, no Rio de Janeiro, a ministra da Sa\u00fade do Brasil, N\u00edsia Trindade, trouxe \u00e0 pauta a defesa de uma alian\u00e7a internacional para o enfrentamento \u00e0 desinforma\u00e7\u00e3o em sa\u00fade. Representantes do grupo, reunidos nesta ter\u00e7a-feira (29\/10), discutiram estrat\u00e9gias para conter os danos causados pelas\u00a0<em>fake news\u00a0<\/em>, especialmente no que diz respeito \u00e0\u00a0<a class=\"external-link\" title=\"\" href=\"https:\/\/www.gov.br\/saude\/pt-br\/vacinacao\" target=\"_blank\" rel=\"noopener\" data-tippreview-enabled=\"false\" data-tippreview-image=\"\" data-tippreview-title=\"\">vacina\u00e7\u00e3o\u00a0<\/a>e \u00e0 confian\u00e7a nas medidas de sa\u00fade p\u00fablica. Para a ministra, o problema da desinforma\u00e7\u00e3o \u00e9 urgente e requer coopera\u00e7\u00e3o global para ser enfrentado de forma eficaz.<\/p>\n<p class=\"\">N\u00edsia apresentou a iniciativa\u00a0<a class=\"external-link\" title=\"\" href=\"https:\/\/www.gov.br\/saude\/pt-br\/assuntos\/saude-com-ciencia\" target=\"_blank\" rel=\"noopener\" data-tippreview-enabled=\"false\" data-tippreview-image=\"\" data-tippreview-title=\"\">Sa\u00fade com Ci\u00eancia\u00a0<\/a>, uma plataforma interministerial brasileira focada no enfrentamento \u00e0 desinforma\u00e7\u00e3o, especialmente sobre vacinas. A plataforma busca garantir que a popula\u00e7\u00e3o tenha acesso a informa\u00e7\u00f5es confi\u00e1veis, provenientes de fontes acreditadas e \u00f3rg\u00e3os governamentais. A ministra tamb\u00e9m destacou a inten\u00e7\u00e3o de expandir essa plataforma para o contexto internacional, propondo ao G20 que desenvolva estrat\u00e9gias coordenadas para proteger a sa\u00fade p\u00fablica e assegurar a implementa\u00e7\u00e3o de pol\u00edticas baseadas em evid\u00eancias.<\/p>\n<p class=\"\">\u201cA dissemina\u00e7\u00e3o deliberada de not\u00edcias falsas n\u00e3o apenas contamina nossas vidas e o ambiente digital, mas tamb\u00e9m afeta diretamente a sa\u00fade das popula\u00e7\u00f5es. A desinforma\u00e7\u00e3o pode causar mortes, e o combate a ela salva vidas e melhora nosso entendimento. \u00c9 por isso que propomos debater com o G20 para atuar no combate \u00e0 desinforma\u00e7\u00e3o\u201d, avaliou a ministra.<\/p>\n","protected":false},"excerpt":{"rendered":"<p>No primeiro dia do encontro do\u00a0G20\u00a0, no Rio de Janeiro, a ministra da Sa\u00fade do Brasil, N\u00edsia Trindade, trouxe \u00e0 pauta a defesa de uma alian\u00e7a internacional para o enfrentamento \u00e0 desinforma\u00e7\u00e3o em sa\u00fade. Representantes do grupo, reunidos nesta ter\u00e7a-feira (29\/10), discutiram estrat\u00e9gias para conter os danos causados pelas\u00a0fake news\u00a0, especialmente no que diz respeito &hellip;<\/p>\n","protected":false},"author":1,"featured_media":123281,"comment_status":"open","ping_status":"open","sticky":false,"template":"","format":"standard","meta":{"footnotes":""},"categories":[2],"tags":[],"class_list":["post-123367","post","type-post","status-publish","format-standard","has-post-thumbnail","hentry","category-saude"],"_links":{"self":[{"href":"https:\/\/iparaiba.com.br\/index.php\/wp-json\/wp\/v2\/posts\/123367","targetHints":{"allow":["GET"]}}],"collection":[{"href":"https:\/\/iparaiba.com.br\/index.php\/wp-json\/wp\/v2\/posts"}],"about":[{"href":"https:\/\/iparaiba.com.br\/index.php\/wp-json\/wp\/v2\/types\/post"}],"author":[{"embeddable":true,"href":"https:\/\/iparaiba.com.br\/index.php\/wp-json\/wp\/v2\/users\/1"}],"replies":[{"embeddable":true,"href":"https:\/\/iparaiba.com.br\/index.php\/wp-json\/wp\/v2\/comments?post=123367"}],"version-history":[{"count":1,"href":"https:\/\/iparaiba.com.br\/index.php\/wp-json\/wp\/v2\/posts\/123367\/revisions"}],"predecessor-version":[{"id":123388,"href":"https:\/\/iparaiba.com.br\/index.php\/wp-json\/wp\/v2\/posts\/123367\/revisions\/123388"}],"wp:featuredmedia":[{"embeddable":true,"href":"https:\/\/iparaiba.com.br\/index.php\/wp-json\/wp\/v2\/media\/123281"}],"wp:attachment":[{"href":"https:\/\/iparaiba.com.br\/index.php\/wp-json\/wp\/v2\/media?parent=123367"}],"wp:term":[{"taxonomy":"category","embeddable":true,"href":"https:\/\/iparaiba.com.br\/index.php\/wp-json\/wp\/v2\/categories?post=123367"},{"taxonomy":"post_tag","embeddable":true,"href":"https:\/\/iparaiba.com.br\/index.php\/wp-json\/wp\/v2\/tags?post=123367"}],"curies":[{"name":"wp","href":"https:\/\/api.w.org\/{rel}","templated":true}]}}