{"id":123364,"date":"2024-10-30T14:00:39","date_gmt":"2024-10-30T17:00:39","guid":{"rendered":"https:\/\/onordeste.com.br\/?p=123357"},"modified":"2024-10-30T14:00:39","modified_gmt":"2024-10-30T17:00:39","slug":"stf-restabelece-direitos-politicos-de-ex-governador","status":"publish","type":"post","link":"https:\/\/iparaiba.com.br\/index.php\/2024\/10\/30\/stf-restabelece-direitos-politicos-de-ex-governador\/","title":{"rendered":"STF restabelece direitos pol\u00edticos de ex-governador"},"content":{"rendered":"<p>A Segunda Turma do Supremo Tribunal Federal (STF) referendou decis\u00e3o liminar que restabeleceu os direitos pol\u00edticos de Luiz Fernando Pez\u00e3o, ex-governador do Rio de Janeiro. A decis\u00e3o foi tomada na sess\u00e3o virtual encerrada em 25\/10, no julgamento da Reclama\u00e7\u00e3o\u00a0<strong><a href=\"https:\/\/portal.stf.jus.br\/processos\/detalhe.asp?incidente=7053494\" target=\"_blank\" rel=\"noreferrer noopener\" data-type=\"URL\" data-id=\"https:\/\/portal.stf.jus.br\/processos\/detalhe.asp?incidente=7053494\">(RCL) 72373<\/a><\/strong>.<\/p>\n<p>A decis\u00e3o suspensa \u00e9 do Tribunal de Justi\u00e7a do Rio de Janeiro (TJ-RJ), que, em 2019, condenou Pez\u00e3o \u00e0 pena de multa e \u00e0 suspens\u00e3o dos direitos pol\u00edticos por cinco anos por ato de improbidade administrativa relacionado a irregularidades em repasses \u00e0 Secretaria de Sa\u00fade entre 2014 e 2015, durante sua gest\u00e3o.<\/p>\n<h5 class=\"wp-block-heading\"><strong>Atos culposos<\/strong><\/h5>\n<p>Na reclama\u00e7\u00e3o, a defesa de Pez\u00e3o argumenta que a decis\u00e3o do TJ-RJ contraria liminar do ministro Gilmar Mendes na A\u00e7\u00e3o Direta de Inconstitucionalidade (ADI) 6678, que afastou a suspens\u00e3o dos direitos pol\u00edticos prevista na Lei de Improbidade Administrativa (Lei 8.429\/1992) em atos culposos (em que n\u00e3o h\u00e1 inten\u00e7\u00e3o de causar dano aos cofres p\u00fablicos).<\/p>\n<h5 class=\"wp-block-heading\"><strong>Decis\u00e3o<\/strong><\/h5>\n<p>O relator, ministro Andr\u00e9 Mendon\u00e7a, concedeu a liminar no dia 3\/10 para suspender a condena\u00e7\u00e3o do ex-governador, por entender que, ao menos em exame preliminar, houve contrariedade ao entendimento do Supremo. O ministro tamb\u00e9m justificou a medida com o fato de que Pez\u00e3o era candidato \u00e0 prefeitura do Munic\u00edpio de Pira\u00ed (RJ), e a elei\u00e7\u00e3o ocorreria em 6\/10 (e na qual foi eleito).<\/p>\n<p>Em seu voto para confirmar a liminar, o ministro ressaltou que, apesar de a condena\u00e7\u00e3o do ex-governador ser anterior \u00e0 decis\u00e3o na ADI 6678 (de 2021), esse entendimento pode ser aplicado ao caso, uma vez que a condena\u00e7\u00e3o s\u00f3 se tornou definitiva em 2022.<\/p>\n<p>STF<\/p>\n","protected":false},"excerpt":{"rendered":"<p>A Segunda Turma do Supremo Tribunal Federal (STF) referendou decis\u00e3o liminar que restabeleceu os direitos pol\u00edticos de Luiz Fernando Pez\u00e3o, ex-governador do Rio de Janeiro. A decis\u00e3o foi tomada na sess\u00e3o virtual encerrada em 25\/10, no julgamento da Reclama\u00e7\u00e3o\u00a0(RCL) 72373. A decis\u00e3o suspensa \u00e9 do Tribunal de Justi\u00e7a do Rio de Janeiro (TJ-RJ), que, em &hellip;<\/p>\n","protected":false},"author":1,"featured_media":108081,"comment_status":"open","ping_status":"open","sticky":false,"template":"","format":"standard","meta":{"footnotes":""},"categories":[9],"tags":[],"class_list":["post-123364","post","type-post","status-publish","format-standard","has-post-thumbnail","hentry","category-justica"],"_links":{"self":[{"href":"https:\/\/iparaiba.com.br\/index.php\/wp-json\/wp\/v2\/posts\/123364","targetHints":{"allow":["GET"]}}],"collection":[{"href":"https:\/\/iparaiba.com.br\/index.php\/wp-json\/wp\/v2\/posts"}],"about":[{"href":"https:\/\/iparaiba.com.br\/index.php\/wp-json\/wp\/v2\/types\/post"}],"author":[{"embeddable":true,"href":"https:\/\/iparaiba.com.br\/index.php\/wp-json\/wp\/v2\/users\/1"}],"replies":[{"embeddable":true,"href":"https:\/\/iparaiba.com.br\/index.php\/wp-json\/wp\/v2\/comments?post=123364"}],"version-history":[{"count":1,"href":"https:\/\/iparaiba.com.br\/index.php\/wp-json\/wp\/v2\/posts\/123364\/revisions"}],"predecessor-version":[{"id":123385,"href":"https:\/\/iparaiba.com.br\/index.php\/wp-json\/wp\/v2\/posts\/123364\/revisions\/123385"}],"wp:featuredmedia":[{"embeddable":true,"href":"https:\/\/iparaiba.com.br\/index.php\/wp-json\/wp\/v2\/media\/108081"}],"wp:attachment":[{"href":"https:\/\/iparaiba.com.br\/index.php\/wp-json\/wp\/v2\/media?parent=123364"}],"wp:term":[{"taxonomy":"category","embeddable":true,"href":"https:\/\/iparaiba.com.br\/index.php\/wp-json\/wp\/v2\/categories?post=123364"},{"taxonomy":"post_tag","embeddable":true,"href":"https:\/\/iparaiba.com.br\/index.php\/wp-json\/wp\/v2\/tags?post=123364"}],"curies":[{"name":"wp","href":"https:\/\/api.w.org\/{rel}","templated":true}]}}