{"id":123363,"date":"2024-10-30T12:00:48","date_gmt":"2024-10-30T15:00:48","guid":{"rendered":"https:\/\/onordeste.com.br\/?p=123355"},"modified":"2024-10-30T12:00:48","modified_gmt":"2024-10-30T15:00:48","slug":"bondade-stf-anula-atos-processuais-de-duas-acoes-penais-contra-jose-dirceu","status":"publish","type":"post","link":"https:\/\/iparaiba.com.br\/index.php\/2024\/10\/30\/bondade-stf-anula-atos-processuais-de-duas-acoes-penais-contra-jose-dirceu\/","title":{"rendered":"Bondade! STF anula atos processuais de duas a\u00e7\u00f5es penais contra Jos\u00e9 Dirceu"},"content":{"rendered":"<p>O ministro Gilmar Mendes, do Supremo Tribunal Federal, determinou a anula\u00e7\u00e3o de todos os atos processuais produzidos pelo ex-juiz S\u00e9rgio Moro em duas a\u00e7\u00f5es penais contra o ex-ministro da Casa Civil Jos\u00e9 Dirceu. A decis\u00e3o foi proferida na Peti\u00e7\u00e3o\u00a0<strong><a href=\"https:\/\/portal.stf.jus.br\/processos\/detalhe.asp?incidente=6856737\" target=\"_blank\" rel=\"noreferrer noopener\">(PET) 12229<\/a><\/strong>, e tornada p\u00fablica nesta ter\u00e7a-feira (29).<\/p>\n<p>A decis\u00e3o estende a Dirceu os efeitos do entendimento da Segunda Turma que, em mar\u00e7o de 2021, declarou a parcialidade de Moro nas a\u00e7\u00f5es penais contra Lula.<\/p>\n<p>Em sua argumenta\u00e7\u00e3o, o relator afirma que os di\u00e1logos revelados pela Vaza Jato e outros elementos trazidos nos autos indicam a\u00e7\u00e3o coordenada entre Moro e a for\u00e7a-tarefa da Lava Jato para acusar e denunciar Jos\u00e9 Dirceu. A atua\u00e7\u00e3o serviria de ensaio para a den\u00fancia que seria posteriormente oferecida contra o presidente Lula.<\/p>\n<p>\u00c9 citado, por exemplo, que o nome de Jos\u00e9 Dirceu \u00e9 mencionado 72 vezes na den\u00fancia contra Lula no caso do Triplex do Guaruj\u00e1, apesar de o ex-ministro n\u00e3o ter sido denunciado neste processo.<\/p>\n<p>O ministro Gilmar aponta que tais fatores demonstram a aus\u00eancia de imparcialidade na condu\u00e7\u00e3o dos processos contra Dirceu, impedindo o ex-ministro do direito a um julgamento justo.<\/p>\n<p>Leia a\u00a0<strong><a href=\"https:\/\/noticias-stf-wp-prd.s3.sa-east-1.amazonaws.com\/wp-content\/uploads\/wpallimport\/uploads\/2024\/10\/29103746\/Decisao_monocratica_decisao_final.PET-12229.pdf\" target=\"_blank\" rel=\"noreferrer noopener\">\u00edntegra da decis\u00e3o<\/a><\/strong>\u00a0e o<strong><a href=\"https:\/\/noticias-stf-wp-prd.s3.sa-east-1.amazonaws.com\/wp-content\/uploads\/wpallimport\/uploads\/2024\/10\/29103751\/despacho_despacho.PET-12229.pdf\" target=\"_blank\" rel=\"noreferrer noopener\">\u00a0despacho<\/a><\/strong>\u00a0que a torna p\u00fablica.<\/p>\n<p>STF<\/p>\n","protected":false},"excerpt":{"rendered":"<p>O ministro Gilmar Mendes, do Supremo Tribunal Federal, determinou a anula\u00e7\u00e3o de todos os atos processuais produzidos pelo ex-juiz S\u00e9rgio Moro em duas a\u00e7\u00f5es penais contra o ex-ministro da Casa Civil Jos\u00e9 Dirceu. A decis\u00e3o foi proferida na Peti\u00e7\u00e3o\u00a0(PET) 12229, e tornada p\u00fablica nesta ter\u00e7a-feira (29). A decis\u00e3o estende a Dirceu os efeitos do entendimento &hellip;<\/p>\n","protected":false},"author":1,"featured_media":107888,"comment_status":"open","ping_status":"open","sticky":false,"template":"","format":"standard","meta":{"footnotes":""},"categories":[9],"tags":[],"class_list":["post-123363","post","type-post","status-publish","format-standard","has-post-thumbnail","hentry","category-justica"],"_links":{"self":[{"href":"https:\/\/iparaiba.com.br\/index.php\/wp-json\/wp\/v2\/posts\/123363","targetHints":{"allow":["GET"]}}],"collection":[{"href":"https:\/\/iparaiba.com.br\/index.php\/wp-json\/wp\/v2\/posts"}],"about":[{"href":"https:\/\/iparaiba.com.br\/index.php\/wp-json\/wp\/v2\/types\/post"}],"author":[{"embeddable":true,"href":"https:\/\/iparaiba.com.br\/index.php\/wp-json\/wp\/v2\/users\/1"}],"replies":[{"embeddable":true,"href":"https:\/\/iparaiba.com.br\/index.php\/wp-json\/wp\/v2\/comments?post=123363"}],"version-history":[{"count":1,"href":"https:\/\/iparaiba.com.br\/index.php\/wp-json\/wp\/v2\/posts\/123363\/revisions"}],"predecessor-version":[{"id":123384,"href":"https:\/\/iparaiba.com.br\/index.php\/wp-json\/wp\/v2\/posts\/123363\/revisions\/123384"}],"wp:featuredmedia":[{"embeddable":true,"href":"https:\/\/iparaiba.com.br\/index.php\/wp-json\/wp\/v2\/media\/107888"}],"wp:attachment":[{"href":"https:\/\/iparaiba.com.br\/index.php\/wp-json\/wp\/v2\/media?parent=123363"}],"wp:term":[{"taxonomy":"category","embeddable":true,"href":"https:\/\/iparaiba.com.br\/index.php\/wp-json\/wp\/v2\/categories?post=123363"},{"taxonomy":"post_tag","embeddable":true,"href":"https:\/\/iparaiba.com.br\/index.php\/wp-json\/wp\/v2\/tags?post=123363"}],"curies":[{"name":"wp","href":"https:\/\/api.w.org\/{rel}","templated":true}]}}