{"id":123361,"date":"2024-10-30T08:00:17","date_gmt":"2024-10-30T11:00:17","guid":{"rendered":"https:\/\/onordeste.com.br\/?p=123351"},"modified":"2024-10-30T08:00:17","modified_gmt":"2024-10-30T11:00:17","slug":"pm-frustra-arremesso-de-drogas-alcool-e-celulares-para-presidio","status":"publish","type":"post","link":"https:\/\/iparaiba.com.br\/index.php\/2024\/10\/30\/pm-frustra-arremesso-de-drogas-alcool-e-celulares-para-presidio\/","title":{"rendered":"PM frustra arremesso de drogas, \u00e1lcool e celulares para pres\u00eddio"},"content":{"rendered":"<p>A Pol\u00edcia Militar frustrou a entrega de drogas, bebidas alco\u00f3licas, celulares e carregadores, que seriam arremessados para o pres\u00eddio do Serrot\u00e3o, em Campina Grande (foto acima). A a\u00e7\u00e3o ocorreu na noite da \u00faltima quinta-feira (24). Um criminoso foi preso.<\/p>\n<p>De acordo com o comando do 2\u00ba Batalh\u00e3o, os policiais da Radiopatrulha perceberam um indiv\u00edduo que transitava com duas mochilas nas proximidades da unidade prisional. \u201cNa abordagem, os policiais encontraram com o suspeito um tablete de subst\u00e2ncia semelhante \u00e0 maconha, garrafas com bebidas alco\u00f3licas, lol\u00f3, celulares e carregadores, al\u00e9m de outros objetos\u201d, explicou o major Moreira, comandante da unidade.<\/p>\n<p>\u201cOs produtos tinham destinat\u00e1rio com nomes e pavilh\u00f5es para onde iriam. Al\u00e9m disso, pela forma como eles estavam embalados e as circunst\u00e2ncias da pris\u00e3o, acreditamos que todo o material seria arremessado para dentro do pres\u00eddio, algo que foi frustrado gra\u00e7as \u00e0 a\u00e7\u00e3o preventiva da PM\u201d, assegurou o oficial. Toda a ocorr\u00eancia foi encaminhada para a delegacia para a devida autua\u00e7\u00e3o.<\/p>\n<p>A participa\u00e7\u00e3o do acusado em outros crimes e para onde os produtos iriam, dever\u00e3o ser investigados<\/p>\n","protected":false},"excerpt":{"rendered":"<p>A Pol\u00edcia Militar frustrou a entrega de drogas, bebidas alco\u00f3licas, celulares e carregadores, que seriam arremessados para o pres\u00eddio do Serrot\u00e3o, em Campina Grande (foto acima). A a\u00e7\u00e3o ocorreu na noite da \u00faltima quinta-feira (24). Um criminoso foi preso. De acordo com o comando do 2\u00ba Batalh\u00e3o, os policiais da Radiopatrulha perceberam um indiv\u00edduo que &hellip;<\/p>\n","protected":false},"author":1,"featured_media":104189,"comment_status":"open","ping_status":"open","sticky":false,"template":"","format":"standard","meta":{"footnotes":""},"categories":[13],"tags":[],"class_list":["post-123361","post","type-post","status-publish","format-standard","has-post-thumbnail","hentry","category-policial"],"_links":{"self":[{"href":"https:\/\/iparaiba.com.br\/index.php\/wp-json\/wp\/v2\/posts\/123361","targetHints":{"allow":["GET"]}}],"collection":[{"href":"https:\/\/iparaiba.com.br\/index.php\/wp-json\/wp\/v2\/posts"}],"about":[{"href":"https:\/\/iparaiba.com.br\/index.php\/wp-json\/wp\/v2\/types\/post"}],"author":[{"embeddable":true,"href":"https:\/\/iparaiba.com.br\/index.php\/wp-json\/wp\/v2\/users\/1"}],"replies":[{"embeddable":true,"href":"https:\/\/iparaiba.com.br\/index.php\/wp-json\/wp\/v2\/comments?post=123361"}],"version-history":[{"count":1,"href":"https:\/\/iparaiba.com.br\/index.php\/wp-json\/wp\/v2\/posts\/123361\/revisions"}],"predecessor-version":[{"id":123382,"href":"https:\/\/iparaiba.com.br\/index.php\/wp-json\/wp\/v2\/posts\/123361\/revisions\/123382"}],"wp:featuredmedia":[{"embeddable":true,"href":"https:\/\/iparaiba.com.br\/index.php\/wp-json\/wp\/v2\/media\/104189"}],"wp:attachment":[{"href":"https:\/\/iparaiba.com.br\/index.php\/wp-json\/wp\/v2\/media?parent=123361"}],"wp:term":[{"taxonomy":"category","embeddable":true,"href":"https:\/\/iparaiba.com.br\/index.php\/wp-json\/wp\/v2\/categories?post=123361"},{"taxonomy":"post_tag","embeddable":true,"href":"https:\/\/iparaiba.com.br\/index.php\/wp-json\/wp\/v2\/tags?post=123361"}],"curies":[{"name":"wp","href":"https:\/\/api.w.org\/{rel}","templated":true}]}}