{"id":123359,"date":"2024-10-29T18:16:46","date_gmt":"2024-10-29T21:16:46","guid":{"rendered":"https:\/\/onordeste.com.br\/?p=123347"},"modified":"2024-10-29T18:16:46","modified_gmt":"2024-10-29T21:16:46","slug":"estelionatario-falso-corretor-de-imoveis-e-novamente-preso","status":"publish","type":"post","link":"https:\/\/iparaiba.com.br\/index.php\/2024\/10\/29\/estelionatario-falso-corretor-de-imoveis-e-novamente-preso\/","title":{"rendered":"Estelionat\u00e1rio, falso corretor de im\u00f3veis \u00e9 novamente preso"},"content":{"rendered":"<p>Um estelionat\u00e1rio procurado por aplicar golpes e por crimes de viol\u00eancia dom\u00e9stica, foi preso na noite da \u00faltima quinta-feira (24), em Santa Rita, na grande Jo\u00e3o Pessoa. O acusado se passava por corretor de im\u00f3veis, j\u00e1 havia sido preso anteriormente, e tem longa ficha criminal agindo no nordeste do pa\u00eds.<\/p>\n<p>O foragido preso tem 31 anos de idade, se passava por corretor de im\u00f3veis, recebia valores dos alugu\u00e9is das v\u00edtimas, e n\u00e3o repassava as quantias para os propriet\u00e1rios. Al\u00e9m de ostentar nas redes sociais, o acusado tamb\u00e9m amea\u00e7a as v\u00edtimas.<\/p>\n<p>De acordo com a ficha do criminoso, o homem j\u00e1 havia sido preso em Jo\u00e3o Pessoa no ano passado, em uma a\u00e7\u00e3o das Pol\u00edcias Militar e Civil. Em 2019, quando era pr\u00e9-candidato \u00e0 prefeito no munic\u00edpio de Po\u00e7\u00e3o de Pedras, no Maranh\u00e3o, o acusado tamb\u00e9m havia aplicado um calote em um pagamento de um show de banda de forr\u00f3.<\/p>\n<p><strong>Nova pris\u00e3o \u2013<\/strong>\u00a0O foragido foi preso na noite da \u00faltima quinta-feira (24), durante uma a\u00e7\u00e3o da For\u00e7a T\u00e1tica do 7\u00ba Batalh\u00e3o que encontrou o acusado em uma residencial, no bairro de Tibiri. Contra ele, os policiais cumpriram um mandado expedido pela Vara de Execu\u00e7\u00f5es Penais de Jo\u00e3o Pessoa, pelos crimes de estelionato, apropria\u00e7\u00e3o ind\u00e9bita, les\u00e3o corporal no contexto de viol\u00eancia dom\u00e9stica, e vias de fato.<\/p>\n<p>O homem foi preso e apresentado na 6\u00aa Delegacia Distrital para o devido cumprimento da pena.<\/p>\n","protected":false},"excerpt":{"rendered":"<p>Um estelionat\u00e1rio procurado por aplicar golpes e por crimes de viol\u00eancia dom\u00e9stica, foi preso na noite da \u00faltima quinta-feira (24), em Santa Rita, na grande Jo\u00e3o Pessoa. O acusado se passava por corretor de im\u00f3veis, j\u00e1 havia sido preso anteriormente, e tem longa ficha criminal agindo no nordeste do pa\u00eds. O foragido preso tem 31 &hellip;<\/p>\n","protected":false},"author":1,"featured_media":123178,"comment_status":"open","ping_status":"open","sticky":false,"template":"","format":"standard","meta":{"footnotes":""},"categories":[13],"tags":[],"class_list":["post-123359","post","type-post","status-publish","format-standard","has-post-thumbnail","hentry","category-policial"],"_links":{"self":[{"href":"https:\/\/iparaiba.com.br\/index.php\/wp-json\/wp\/v2\/posts\/123359","targetHints":{"allow":["GET"]}}],"collection":[{"href":"https:\/\/iparaiba.com.br\/index.php\/wp-json\/wp\/v2\/posts"}],"about":[{"href":"https:\/\/iparaiba.com.br\/index.php\/wp-json\/wp\/v2\/types\/post"}],"author":[{"embeddable":true,"href":"https:\/\/iparaiba.com.br\/index.php\/wp-json\/wp\/v2\/users\/1"}],"replies":[{"embeddable":true,"href":"https:\/\/iparaiba.com.br\/index.php\/wp-json\/wp\/v2\/comments?post=123359"}],"version-history":[{"count":1,"href":"https:\/\/iparaiba.com.br\/index.php\/wp-json\/wp\/v2\/posts\/123359\/revisions"}],"predecessor-version":[{"id":123380,"href":"https:\/\/iparaiba.com.br\/index.php\/wp-json\/wp\/v2\/posts\/123359\/revisions\/123380"}],"wp:featuredmedia":[{"embeddable":true,"href":"https:\/\/iparaiba.com.br\/index.php\/wp-json\/wp\/v2\/media\/123178"}],"wp:attachment":[{"href":"https:\/\/iparaiba.com.br\/index.php\/wp-json\/wp\/v2\/media?parent=123359"}],"wp:term":[{"taxonomy":"category","embeddable":true,"href":"https:\/\/iparaiba.com.br\/index.php\/wp-json\/wp\/v2\/categories?post=123359"},{"taxonomy":"post_tag","embeddable":true,"href":"https:\/\/iparaiba.com.br\/index.php\/wp-json\/wp\/v2\/tags?post=123359"}],"curies":[{"name":"wp","href":"https:\/\/api.w.org\/{rel}","templated":true}]}}