{"id":123334,"date":"2024-10-25T09:24:01","date_gmt":"2024-10-25T12:24:01","guid":{"rendered":"https:\/\/onordeste.com.br\/?p=123282"},"modified":"2024-10-25T09:24:01","modified_gmt":"2024-10-25T12:24:01","slug":"carmen-lucia-convida-eleitoras-e-eleitores-a-votarem","status":"publish","type":"post","link":"https:\/\/iparaiba.com.br\/index.php\/2024\/10\/25\/carmen-lucia-convida-eleitoras-e-eleitores-a-votarem\/","title":{"rendered":"C\u00e1rmen L\u00facia convida eleitoras e eleitores a votarem"},"content":{"rendered":"<p>No t\u00e9rmino\u00a0da sess\u00e3o desta quinta-feira (24), a presidente do Tribunal Superior Eleitoral (TSE), ministra C\u00e1rmen L\u00facia, convidou eleitoras e eleitores para que compare\u00e7am \u00e0s urnas eletr\u00f4nicas no domingo (27), no 2\u00ba turno das Elei\u00e7\u00f5es Municipais de 2024, que acontece em<a href=\"https:\/\/www.tse.jus.br\/comunicacao\/noticias\/2024\/Outubro\/15-capitais-terao-2o-turno-na-disputa-pelo-cargo-de-prefeito\">\u00a051 munic\u00edpios, sendo 15 capitais.<\/a>\u00a0O per\u00edodo de vota\u00e7\u00e3o ser\u00e1 das 8h \u00e0s 17h, no hor\u00e1rio de Bras\u00edlia (DF).\u00a0A ministra afirmou que \u201co voto \u00e9 uma b\u00ean\u00e7\u00e3o democr\u00e1tica\u201d.<\/p>\n<p>\u201cA Justi\u00e7a Eleitoral convida e reitera \u00e0s eleitoras e aos eleitores que compare\u00e7am \u00e0s urnas em nome dos que vieram antes de n\u00f3s e que lutaram para que n\u00f3s tiv\u00e9ssemos esse direito fundamental de votar, em nome dos que vierem depois de n\u00f3s e que precisam ter um estado democr\u00e1tico, uma sociedade democr\u00e1tica da qual o voto \u00e9 um instrumento e um gesto por excel\u00eancia dessa participa\u00e7\u00e3o livre de todos os eleitores\u201d, declarou a presidente do TSE.<\/p>\n<p>Ao informar que eleitores de 51 munic\u00edpios de 20 estados da Federa\u00e7\u00e3o retornar\u00e3o \u00e0s urnas no 2\u00ba turno para escolher o prefeito e o vice-prefeito, a ministra C\u00e1rmen L\u00facia disse que mais de 140 milh\u00f5es de eleitoras e eleitores participaram da primeira\u00a0etapa do pleito de forma ordeira, sossegada e tranquila. \u201cNas urnas, puseram o que eles queriam que acontecesse, sendo proclamado o resultado democr\u00e1tico dos mais votados\u201d, destacou a magistrada.<\/p>\n<p>TSE<\/p>\n","protected":false},"excerpt":{"rendered":"<p>No t\u00e9rmino\u00a0da sess\u00e3o desta quinta-feira (24), a presidente do Tribunal Superior Eleitoral (TSE), ministra C\u00e1rmen L\u00facia, convidou eleitoras e eleitores para que compare\u00e7am \u00e0s urnas eletr\u00f4nicas no domingo (27), no 2\u00ba turno das Elei\u00e7\u00f5es Municipais de 2024, que acontece em\u00a051 munic\u00edpios, sendo 15 capitais.\u00a0O per\u00edodo de vota\u00e7\u00e3o ser\u00e1 das 8h \u00e0s 17h, no hor\u00e1rio de &hellip;<\/p>\n","protected":false},"author":1,"featured_media":98205,"comment_status":"open","ping_status":"open","sticky":false,"template":"","format":"standard","meta":{"footnotes":""},"categories":[6],"tags":[],"class_list":["post-123334","post","type-post","status-publish","format-standard","has-post-thumbnail","hentry","category-destaques"],"_links":{"self":[{"href":"https:\/\/iparaiba.com.br\/index.php\/wp-json\/wp\/v2\/posts\/123334","targetHints":{"allow":["GET"]}}],"collection":[{"href":"https:\/\/iparaiba.com.br\/index.php\/wp-json\/wp\/v2\/posts"}],"about":[{"href":"https:\/\/iparaiba.com.br\/index.php\/wp-json\/wp\/v2\/types\/post"}],"author":[{"embeddable":true,"href":"https:\/\/iparaiba.com.br\/index.php\/wp-json\/wp\/v2\/users\/1"}],"replies":[{"embeddable":true,"href":"https:\/\/iparaiba.com.br\/index.php\/wp-json\/wp\/v2\/comments?post=123334"}],"version-history":[{"count":0,"href":"https:\/\/iparaiba.com.br\/index.php\/wp-json\/wp\/v2\/posts\/123334\/revisions"}],"wp:featuredmedia":[{"embeddable":true,"href":"https:\/\/iparaiba.com.br\/index.php\/wp-json\/wp\/v2\/media\/98205"}],"wp:attachment":[{"href":"https:\/\/iparaiba.com.br\/index.php\/wp-json\/wp\/v2\/media?parent=123334"}],"wp:term":[{"taxonomy":"category","embeddable":true,"href":"https:\/\/iparaiba.com.br\/index.php\/wp-json\/wp\/v2\/categories?post=123334"},{"taxonomy":"post_tag","embeddable":true,"href":"https:\/\/iparaiba.com.br\/index.php\/wp-json\/wp\/v2\/tags?post=123334"}],"curies":[{"name":"wp","href":"https:\/\/api.w.org\/{rel}","templated":true}]}}