{"id":123332,"date":"2024-10-25T09:21:44","date_gmt":"2024-10-25T12:21:44","guid":{"rendered":"https:\/\/onordeste.com.br\/?p=123278"},"modified":"2024-10-25T09:21:44","modified_gmt":"2024-10-25T12:21:44","slug":"ja-pode-ser-concedido-salvo-conduto-a-eleitora-ou-ao-eleitor","status":"publish","type":"post","link":"https:\/\/iparaiba.com.br\/index.php\/2024\/10\/25\/ja-pode-ser-concedido-salvo-conduto-a-eleitora-ou-ao-eleitor\/","title":{"rendered":"J\u00e1 pode ser concedido salvo-conduto \u00e0 eleitora ou ao eleitor"},"content":{"rendered":"<p>A partir desta quinta-feira (24), tem in\u00edcio o prazo em que o ju\u00edzo eleitoral ou presidente da mesa receptora de votos pode expedir salvo-conduto em favor de eleitora ou eleitor que possa sofrer viol\u00eancia moral ou f\u00edsica na sua liberdade de votar, ou pelo fato de ter votado. A possibilidade da medida consta do artigo 235 do C\u00f3digo Eleitoral (<a href=\"http:\/\/www.planalto.gov.br\/ccivil_03\/leis\/L4737.htm\">Lei n\u00b0 4.737\/1965<\/a>).<\/p>\n<p>Ainda segundo a legisla\u00e7\u00e3o, o salvo-conduto tem validade por um per\u00edodo espec\u00edfico. Passa a vigorar 72 horas antes da elei\u00e7\u00e3o e se estende at\u00e9 48 horas ap\u00f3s o pleito.<\/p>\n<p>Quem desrespeitar o salvo-conduto pode ser punido com a pena de pris\u00e3o de at\u00e9 cinco dias.<\/p>\n<p>LB\/EM, DB<\/p>\n","protected":false},"excerpt":{"rendered":"<p>A partir desta quinta-feira (24), tem in\u00edcio o prazo em que o ju\u00edzo eleitoral ou presidente da mesa receptora de votos pode expedir salvo-conduto em favor de eleitora ou eleitor que possa sofrer viol\u00eancia moral ou f\u00edsica na sua liberdade de votar, ou pelo fato de ter votado. A possibilidade da medida consta do artigo &hellip;<\/p>\n","protected":false},"author":1,"featured_media":110370,"comment_status":"open","ping_status":"open","sticky":false,"template":"","format":"standard","meta":{"footnotes":""},"categories":[9],"tags":[],"class_list":["post-123332","post","type-post","status-publish","format-standard","has-post-thumbnail","hentry","category-justica"],"_links":{"self":[{"href":"https:\/\/iparaiba.com.br\/index.php\/wp-json\/wp\/v2\/posts\/123332","targetHints":{"allow":["GET"]}}],"collection":[{"href":"https:\/\/iparaiba.com.br\/index.php\/wp-json\/wp\/v2\/posts"}],"about":[{"href":"https:\/\/iparaiba.com.br\/index.php\/wp-json\/wp\/v2\/types\/post"}],"author":[{"embeddable":true,"href":"https:\/\/iparaiba.com.br\/index.php\/wp-json\/wp\/v2\/users\/1"}],"replies":[{"embeddable":true,"href":"https:\/\/iparaiba.com.br\/index.php\/wp-json\/wp\/v2\/comments?post=123332"}],"version-history":[{"count":0,"href":"https:\/\/iparaiba.com.br\/index.php\/wp-json\/wp\/v2\/posts\/123332\/revisions"}],"wp:featuredmedia":[{"embeddable":true,"href":"https:\/\/iparaiba.com.br\/index.php\/wp-json\/wp\/v2\/media\/110370"}],"wp:attachment":[{"href":"https:\/\/iparaiba.com.br\/index.php\/wp-json\/wp\/v2\/media?parent=123332"}],"wp:term":[{"taxonomy":"category","embeddable":true,"href":"https:\/\/iparaiba.com.br\/index.php\/wp-json\/wp\/v2\/categories?post=123332"},{"taxonomy":"post_tag","embeddable":true,"href":"https:\/\/iparaiba.com.br\/index.php\/wp-json\/wp\/v2\/tags?post=123332"}],"curies":[{"name":"wp","href":"https:\/\/api.w.org\/{rel}","templated":true}]}}