{"id":123323,"date":"2024-10-27T12:00:03","date_gmt":"2024-10-27T15:00:03","guid":{"rendered":"https:\/\/onordeste.com.br\/?p=123323"},"modified":"2024-10-27T12:00:03","modified_gmt":"2024-10-27T15:00:03","slug":"onibus-gratuitos-neste-domingo-para-a-votacao","status":"publish","type":"post","link":"https:\/\/iparaiba.com.br\/index.php\/2024\/10\/27\/onibus-gratuitos-neste-domingo-para-a-votacao\/","title":{"rendered":"\u00d4nibus gratuitos neste domingo para a vota\u00e7\u00e3o"},"content":{"rendered":"<p>Os eleitores de Jo\u00e3o Pessoa poder\u00e3o contar novamente com transporte p\u00fablico gratuito no segundo turno das elei\u00e7\u00f5es, que acontece neste domingo (27).<\/p>\n<p>A\u00a0Superintend\u00eancia Executiva de Mobilidade Urbana de Jo\u00e3o Pessoa (Semob-JP) garantiu a gratuidade em todas as linhas de \u00f4nibus da capital, em conformidade com a resolu\u00e7\u00e3o do Tribunal Superior Eleitoral (TSE) sobre a oferta de transporte no dia de vota\u00e7\u00e3o.<\/p>\n","protected":false},"excerpt":{"rendered":"<p>Os eleitores de Jo\u00e3o Pessoa poder\u00e3o contar novamente com transporte p\u00fablico gratuito no segundo turno das elei\u00e7\u00f5es, que acontece neste domingo (27). A\u00a0Superintend\u00eancia Executiva de Mobilidade Urbana de Jo\u00e3o Pessoa (Semob-JP) garantiu a gratuidade em todas as linhas de \u00f4nibus da capital, em conformidade com a resolu\u00e7\u00e3o do Tribunal Superior Eleitoral (TSE) sobre a oferta &hellip;<\/p>\n","protected":false},"author":1,"featured_media":109342,"comment_status":"open","ping_status":"open","sticky":false,"template":"","format":"standard","meta":{"footnotes":""},"categories":[15],"tags":[],"class_list":["post-123323","post","type-post","status-publish","format-standard","has-post-thumbnail","hentry","category-links"],"_links":{"self":[{"href":"https:\/\/iparaiba.com.br\/index.php\/wp-json\/wp\/v2\/posts\/123323","targetHints":{"allow":["GET"]}}],"collection":[{"href":"https:\/\/iparaiba.com.br\/index.php\/wp-json\/wp\/v2\/posts"}],"about":[{"href":"https:\/\/iparaiba.com.br\/index.php\/wp-json\/wp\/v2\/types\/post"}],"author":[{"embeddable":true,"href":"https:\/\/iparaiba.com.br\/index.php\/wp-json\/wp\/v2\/users\/1"}],"replies":[{"embeddable":true,"href":"https:\/\/iparaiba.com.br\/index.php\/wp-json\/wp\/v2\/comments?post=123323"}],"version-history":[{"count":1,"href":"https:\/\/iparaiba.com.br\/index.php\/wp-json\/wp\/v2\/posts\/123323\/revisions"}],"predecessor-version":[{"id":123353,"href":"https:\/\/iparaiba.com.br\/index.php\/wp-json\/wp\/v2\/posts\/123323\/revisions\/123353"}],"wp:featuredmedia":[{"embeddable":true,"href":"https:\/\/iparaiba.com.br\/index.php\/wp-json\/wp\/v2\/media\/109342"}],"wp:attachment":[{"href":"https:\/\/iparaiba.com.br\/index.php\/wp-json\/wp\/v2\/media?parent=123323"}],"wp:term":[{"taxonomy":"category","embeddable":true,"href":"https:\/\/iparaiba.com.br\/index.php\/wp-json\/wp\/v2\/categories?post=123323"},{"taxonomy":"post_tag","embeddable":true,"href":"https:\/\/iparaiba.com.br\/index.php\/wp-json\/wp\/v2\/tags?post=123323"}],"curies":[{"name":"wp","href":"https:\/\/api.w.org\/{rel}","templated":true}]}}