{"id":123319,"date":"2024-10-27T08:00:52","date_gmt":"2024-10-27T11:00:52","guid":{"rendered":"https:\/\/onordeste.com.br\/?p=123318"},"modified":"2024-10-27T08:00:52","modified_gmt":"2024-10-27T11:00:52","slug":"nao-votou-saiba-como-justificar-a-ausencia-a-urna","status":"publish","type":"post","link":"https:\/\/iparaiba.com.br\/index.php\/2024\/10\/27\/nao-votou-saiba-como-justificar-a-ausencia-a-urna\/","title":{"rendered":"N\u00e3o votou? Saiba como justificar a aus\u00eancia \u00e0 urna"},"content":{"rendered":"<p>A eleitora ou o eleitor que estava fora de seu domic\u00edlio eleitoral e n\u00e3o p\u00f4de votar no domingo (6), dia do 1\u00ba turno das Elei\u00e7\u00f5es Municipais de 2024, deve justificar a sua aus\u00eancia \u00e0 urna. Para isso, h\u00e1 duas possibilidades de apresentar a justificativa: pela internet ou de forma presencial. Em qualquer um dos meios, sendo obrigat\u00f3ria para eleitores com mais de 18 e com menos de 70 anos.<\/p>\n<p><strong>Justificativa p\u00f3s-elei\u00e7\u00e3o<\/strong><\/p>\n<p>Quem n\u00e3o compareceu \u00e0 vota\u00e7\u00e3o e n\u00e3o p\u00f4de justificar a aus\u00eancia no dia do pleito deve apresentar a justificativa at\u00e9 60 dias ap\u00f3s cada turno das elei\u00e7\u00f5es pelo <a href=\"https:\/\/www.tse.jus.br\/servicos-eleitorais\/servicos\/aplicativo-e-titulo\/aplicativo-e-titulo\" target=\"_blank\" rel=\"noopener\">e-T\u00edtulo<\/a>\u00a0ou pelo\u00a0<a href=\"https:\/\/justifica.tse.jus.br\/\" target=\"_blank\" rel=\"noopener\">Sistema Justifica<\/a>, que pode ser acessado nos portais do TSE e dos TREs.<\/p>\n<p>Junto com a solicita\u00e7\u00e3o, \u00e9 necess\u00e1rio anexar, obrigatoriamente, documentos que comprovem a impossibilidade do exerc\u00edcio do voto, tais como bilhete de passagem, cart\u00e3o de embarque, atestado m\u00e9dico e outros.<\/p>\n<p>Caso n\u00e3o tenha acesso a essas ferramentas de justificativa on-line, a pessoa poder\u00e1 comparecer a qualquer cart\u00f3rio eleitoral ou \u00e0 Central de Atendimento ao Eleitor de seu estado para apresentar o requerimento de forma presencial, com os mesmos documentos acima mencionados.<\/p>\n<p>Clique\u00a0<a href=\"https:\/\/www.tre-pb.jus.br\/institucional\/zonas-eleitorais\/zonas-eleitorais\" target=\"_blank\" rel=\"noopener\"><strong>AQUI<\/strong><\/a>\u00a0e consulte os endere\u00e7os das Zonas Eleitorais da Para\u00edba.<\/p>\n<p>Para quem estava no exterior no dia da elei\u00e7\u00e3o, o prazo para justificar a aus\u00eancia \u00e0 urna \u00e9 de 30 dias, a contar da data de retorno ao Brasil.<\/p>\n<p><strong>Consequ\u00eancias<\/strong><\/p>\n<p>Deixar de justificar ou apresentar uma justificativa que n\u00e3o seja aceita resulta em aplica\u00e7\u00e3o de multa. Se a multa n\u00e3o for quitada, a pessoa n\u00e3o poder\u00e1 obter a certid\u00e3o de quita\u00e7\u00e3o eleitoral, e quem n\u00e3o votar nem justificar a aus\u00eancia por tr\u00eas turnos consecutivos de elei\u00e7\u00f5es (cada turno corresponde a uma elei\u00e7\u00e3o) ter\u00e1 o t\u00edtulo eleitoral cancelado se n\u00e3o pagar as multas devidas.<\/p>\n<p>Al\u00e9m disso, sem votar, justificar e quitar a d\u00edvida, a pessoa fica impedida de ser investida ou nomeada em fun\u00e7\u00f5es ou cargos p\u00fablicos; obter passaporte ou carteira de identidade; inscrever-se em concurso p\u00fablico; renovar matr\u00edcula em estabelecimento de ensino oficial ou fiscalizado pelo governo; e obter empr\u00e9stimo em bancos p\u00fablicos, entre outras consequ\u00eancias.<\/p>\n<p><em>\/com_informa\u00e7\u00f5es_do_TSE\/<\/em><br \/>\n<em>\/rafaelkoehler\/ascom\/tre-pb\/<\/em><\/p>\n","protected":false},"excerpt":{"rendered":"<p>A eleitora ou o eleitor que estava fora de seu domic\u00edlio eleitoral e n\u00e3o p\u00f4de votar no domingo (6), dia do 1\u00ba turno das Elei\u00e7\u00f5es Municipais de 2024, deve justificar a sua aus\u00eancia \u00e0 urna. Para isso, h\u00e1 duas possibilidades de apresentar a justificativa: pela internet ou de forma presencial. Em qualquer um dos meios, &hellip;<\/p>\n","protected":false},"author":1,"featured_media":97332,"comment_status":"open","ping_status":"open","sticky":false,"template":"","format":"standard","meta":{"footnotes":""},"categories":[18],"tags":[],"class_list":["post-123319","post","type-post","status-publish","format-standard","has-post-thumbnail","hentry","category-brasil"],"_links":{"self":[{"href":"https:\/\/iparaiba.com.br\/index.php\/wp-json\/wp\/v2\/posts\/123319","targetHints":{"allow":["GET"]}}],"collection":[{"href":"https:\/\/iparaiba.com.br\/index.php\/wp-json\/wp\/v2\/posts"}],"about":[{"href":"https:\/\/iparaiba.com.br\/index.php\/wp-json\/wp\/v2\/types\/post"}],"author":[{"embeddable":true,"href":"https:\/\/iparaiba.com.br\/index.php\/wp-json\/wp\/v2\/users\/1"}],"replies":[{"embeddable":true,"href":"https:\/\/iparaiba.com.br\/index.php\/wp-json\/wp\/v2\/comments?post=123319"}],"version-history":[{"count":1,"href":"https:\/\/iparaiba.com.br\/index.php\/wp-json\/wp\/v2\/posts\/123319\/revisions"}],"predecessor-version":[{"id":123351,"href":"https:\/\/iparaiba.com.br\/index.php\/wp-json\/wp\/v2\/posts\/123319\/revisions\/123351"}],"wp:featuredmedia":[{"embeddable":true,"href":"https:\/\/iparaiba.com.br\/index.php\/wp-json\/wp\/v2\/media\/97332"}],"wp:attachment":[{"href":"https:\/\/iparaiba.com.br\/index.php\/wp-json\/wp\/v2\/media?parent=123319"}],"wp:term":[{"taxonomy":"category","embeddable":true,"href":"https:\/\/iparaiba.com.br\/index.php\/wp-json\/wp\/v2\/categories?post=123319"},{"taxonomy":"post_tag","embeddable":true,"href":"https:\/\/iparaiba.com.br\/index.php\/wp-json\/wp\/v2\/tags?post=123319"}],"curies":[{"name":"wp","href":"https:\/\/api.w.org\/{rel}","templated":true}]}}