{"id":123315,"date":"2024-10-26T14:00:44","date_gmt":"2024-10-26T17:00:44","guid":{"rendered":"https:\/\/onordeste.com.br\/?p=123309"},"modified":"2024-10-26T14:00:44","modified_gmt":"2024-10-26T17:00:44","slug":"hospital-e-credenciado-como-centro-de-ensino-e-treinamento-em-anestesiologia","status":"publish","type":"post","link":"https:\/\/iparaiba.com.br\/index.php\/2024\/10\/26\/hospital-e-credenciado-como-centro-de-ensino-e-treinamento-em-anestesiologia\/","title":{"rendered":"Hospital \u00e9 credenciado como Centro de Ensino e Treinamento em Anestesiologia"},"content":{"rendered":"<p>O Hospital Metropolitano Dom Jos\u00e9 Maria Pires, unidade pertencente ao Governo da Para\u00edba e gerenciada pela Funda\u00e7\u00e3o Paraibana de Gest\u00e3o em Sa\u00fade (PB Sa\u00fade), foi credenciado pela Sociedade Brasileira de Anestesiologia (SBA) como Centro de Ensino e Treinamento (CET) em Anestesiologia. Com essa habilita\u00e7\u00e3o, a unidade passa a ser o \u00fanico hospital-escola da rede estadual de sa\u00fade na \u00e1rea de anestesiologia, contribuindo com a forma\u00e7\u00e3o e qualifica\u00e7\u00e3o de novos m\u00e9dicos residentes.<\/p>\n<p>De acordo com o secret\u00e1rio de Estado da Sa\u00fade, Ari Reis, a iniciativa eleva ainda mais a qualidade da sa\u00fade p\u00fablica na Para\u00edba. \u201cO Governo do Estado, junto \u00e0 Secretaria de Estado da Sa\u00fade (SES), vem investindo fortemente em a\u00e7\u00f5es de capacita\u00e7\u00e3o e qualifica\u00e7\u00e3o profissional. Com a instala\u00e7\u00e3o do Centro de Ensino e Treinamento em Anestesiologia no Hospital Metropolitano Dom Jos\u00e9 Maria Pires, seguimos avan\u00e7ando com melhorias para m\u00e9dicos e pacientes do SUS\u201d, enfatizou.<\/p>\n<p>Para o coordenador do Programa de Resid\u00eancia M\u00e9dica em Anestesiologia da SES, Gutenberg Borborema, ao ser reconhecido como CET, o Hospital Metropolitano demonstra capacidade t\u00e9cnica e compromisso para seguir as diretrizes estabelecidas pela SBA, assegurando um atendimento de alta qualidade \u00e0 popula\u00e7\u00e3o. \u201cAo formar m\u00e9dicos anestesiologistas mais qualificados, esses profissionais poder\u00e3o oferecer atendimento de alta qualidade, resultando em melhores desfechos cl\u00ednicos e fortalecendo a confian\u00e7a da popula\u00e7\u00e3o nos servi\u00e7os de sa\u00fade estaduais. Al\u00e9m disso, essa parceria vai enriquecer o ambiente acad\u00eamico e assistencial, e fortalecer o ensino e a pesquisa em anestesiologia\u201d, ressaltou.<\/p>\n<p>O treinamento para novos m\u00e9dicos residentes tem o in\u00edcio previsto para mar\u00e7o de 2025, quando os profissionais poder\u00e3o integrar-se \u00e0 equipe do Hospital Metropolitano para aprimorar suas habilidades na especialidade m\u00e9dica.\u00a0\u00a0Anualmente, a SES e a Escola de Sa\u00fade P\u00fablica da Para\u00edba (ESP-PB) oferecem vagas para m\u00e9dicos residentes em anestesiologia, que s\u00e3o preenchidas atrav\u00e9s do Exame Nacional de Resid\u00eancia (Enare).<\/p>\n","protected":false},"excerpt":{"rendered":"<p>O Hospital Metropolitano Dom Jos\u00e9 Maria Pires, unidade pertencente ao Governo da Para\u00edba e gerenciada pela Funda\u00e7\u00e3o Paraibana de Gest\u00e3o em Sa\u00fade (PB Sa\u00fade), foi credenciado pela Sociedade Brasileira de Anestesiologia (SBA) como Centro de Ensino e Treinamento (CET) em Anestesiologia. Com essa habilita\u00e7\u00e3o, a unidade passa a ser o \u00fanico hospital-escola da rede estadual &hellip;<\/p>\n","protected":false},"author":1,"featured_media":102330,"comment_status":"open","ping_status":"open","sticky":false,"template":"","format":"standard","meta":{"footnotes":""},"categories":[2],"tags":[],"class_list":["post-123315","post","type-post","status-publish","format-standard","has-post-thumbnail","hentry","category-saude"],"_links":{"self":[{"href":"https:\/\/iparaiba.com.br\/index.php\/wp-json\/wp\/v2\/posts\/123315","targetHints":{"allow":["GET"]}}],"collection":[{"href":"https:\/\/iparaiba.com.br\/index.php\/wp-json\/wp\/v2\/posts"}],"about":[{"href":"https:\/\/iparaiba.com.br\/index.php\/wp-json\/wp\/v2\/types\/post"}],"author":[{"embeddable":true,"href":"https:\/\/iparaiba.com.br\/index.php\/wp-json\/wp\/v2\/users\/1"}],"replies":[{"embeddable":true,"href":"https:\/\/iparaiba.com.br\/index.php\/wp-json\/wp\/v2\/comments?post=123315"}],"version-history":[{"count":1,"href":"https:\/\/iparaiba.com.br\/index.php\/wp-json\/wp\/v2\/posts\/123315\/revisions"}],"predecessor-version":[{"id":123347,"href":"https:\/\/iparaiba.com.br\/index.php\/wp-json\/wp\/v2\/posts\/123315\/revisions\/123347"}],"wp:featuredmedia":[{"embeddable":true,"href":"https:\/\/iparaiba.com.br\/index.php\/wp-json\/wp\/v2\/media\/102330"}],"wp:attachment":[{"href":"https:\/\/iparaiba.com.br\/index.php\/wp-json\/wp\/v2\/media?parent=123315"}],"wp:term":[{"taxonomy":"category","embeddable":true,"href":"https:\/\/iparaiba.com.br\/index.php\/wp-json\/wp\/v2\/categories?post=123315"},{"taxonomy":"post_tag","embeddable":true,"href":"https:\/\/iparaiba.com.br\/index.php\/wp-json\/wp\/v2\/tags?post=123315"}],"curies":[{"name":"wp","href":"https:\/\/api.w.org\/{rel}","templated":true}]}}