{"id":123310,"date":"2024-10-25T19:32:41","date_gmt":"2024-10-25T22:32:41","guid":{"rendered":"https:\/\/onordeste.com.br\/?p=123297"},"modified":"2024-10-25T19:32:41","modified_gmt":"2024-10-25T22:32:41","slug":"ministerio-conclui-distribuicao-de-imunizantes-contra-covid-19-para-11-estados","status":"publish","type":"post","link":"https:\/\/iparaiba.com.br\/index.php\/2024\/10\/25\/ministerio-conclui-distribuicao-de-imunizantes-contra-covid-19-para-11-estados\/","title":{"rendered":"Minist\u00e9rio conclui distribui\u00e7\u00e3o de imunizantes contra Covid-19 para 11 estados"},"content":{"rendered":"<p>Nesta quinta-feira (24\/10), o Minist\u00e9rio da Sa\u00fade concluiu a distribui\u00e7\u00e3o das doses de vacinas contra a\u00a0<a class=\"external-link\" title=\"\" href=\"https:\/\/www.gov.br\/saude\/pt-br\/assuntos\/covid-19\" target=\"_blank\" rel=\"noopener\" data-tippreview-enabled=\"false\" data-tippreview-image=\"\" data-tippreview-title=\"\">Covid-19\u00a0<\/a>para 11 estados. Para\u00edba, Bahia, Cear\u00e1, Distrito Federal, Maranh\u00e3o, Pernambuco, Piau\u00ed, Paran\u00e1, Sergipe, Tocantins e S\u00e3o Paulo j\u00e1 receberam os imunizantes. Todos os estados ser\u00e3o contemplados com celeridade. O lote de 1,2 milh\u00e3o \u00e9 parte da compra emergencial de imunizantes atualizados. A pasta realiza envios regulares de vacinas aos estados, que s\u00e3o respons\u00e1veis por abastecer os munic\u00edpios.<\/p>\n<p>O Minist\u00e9rio da Sa\u00fade refor\u00e7a que um novo preg\u00e3o foi conclu\u00eddo recentemente para aquisi\u00e7\u00e3o de mais 69 milh\u00f5es de doses, garantindo prote\u00e7\u00e3o contra cepas atualizadas pelos pr\u00f3ximos dois anos. As entregas pelos fabricantes ser\u00e3o realizadas de forma parcelada, conforme a ades\u00e3o da popula\u00e7\u00e3o e as atualiza\u00e7\u00f5es aprovadas pela Ag\u00eancia Nacional de Vigil\u00e2ncia Sanit\u00e1ria (Anvisa).<\/p>\n<p>A cobertura vacinal contra a Covid-19 indica que 86% da popula\u00e7\u00e3o brasileira completou o esquema prim\u00e1rio, com duas doses. Atualmente, a imuniza\u00e7\u00e3o \u00e9 recomendada, rotineiramente, para o p\u00fablico priorit\u00e1rio: pessoas com 60 anos ou mais, gestantes, pu\u00e9rperas, trabalhadores da sa\u00fade, crian\u00e7as, entre outros. Tamb\u00e9m \u00e9 indicada para a popula\u00e7\u00e3o que n\u00e3o completou o esquema prim\u00e1rio, de duas doses.<\/p>\n<p>N\u00e3o h\u00e1 falta generalizada de vacinas no Brasil. O Minist\u00e9rio da Sa\u00fade adota estrat\u00e9gias para manter a vacina\u00e7\u00e3o em dia e garantir a prote\u00e7\u00e3o da popula\u00e7\u00e3o. Todas as a\u00e7\u00f5es s\u00e3o realizadas em di\u00e1logo com o Conselho Nacional de Secret\u00e1rios de Sa\u00fade (Conass) e o Conselho Nacional de Secretarias Municipais de Sa\u00fade (Conasems).<\/p>\n<p><em>Minist\u00e9rio da Sa\u00fade<\/em><\/p>\n","protected":false},"excerpt":{"rendered":"<p>Nesta quinta-feira (24\/10), o Minist\u00e9rio da Sa\u00fade concluiu a distribui\u00e7\u00e3o das doses de vacinas contra a\u00a0Covid-19\u00a0para 11 estados. Para\u00edba, Bahia, Cear\u00e1, Distrito Federal, Maranh\u00e3o, Pernambuco, Piau\u00ed, Paran\u00e1, Sergipe, Tocantins e S\u00e3o Paulo j\u00e1 receberam os imunizantes. Todos os estados ser\u00e3o contemplados com celeridade. O lote de 1,2 milh\u00e3o \u00e9 parte da compra emergencial de imunizantes &hellip;<\/p>\n","protected":false},"author":1,"featured_media":123337,"comment_status":"open","ping_status":"open","sticky":false,"template":"","format":"standard","meta":{"footnotes":""},"categories":[2],"tags":[],"class_list":["post-123310","post","type-post","status-publish","format-standard","has-post-thumbnail","hentry","category-saude"],"_links":{"self":[{"href":"https:\/\/iparaiba.com.br\/index.php\/wp-json\/wp\/v2\/posts\/123310","targetHints":{"allow":["GET"]}}],"collection":[{"href":"https:\/\/iparaiba.com.br\/index.php\/wp-json\/wp\/v2\/posts"}],"about":[{"href":"https:\/\/iparaiba.com.br\/index.php\/wp-json\/wp\/v2\/types\/post"}],"author":[{"embeddable":true,"href":"https:\/\/iparaiba.com.br\/index.php\/wp-json\/wp\/v2\/users\/1"}],"replies":[{"embeddable":true,"href":"https:\/\/iparaiba.com.br\/index.php\/wp-json\/wp\/v2\/comments?post=123310"}],"version-history":[{"count":1,"href":"https:\/\/iparaiba.com.br\/index.php\/wp-json\/wp\/v2\/posts\/123310\/revisions"}],"predecessor-version":[{"id":123342,"href":"https:\/\/iparaiba.com.br\/index.php\/wp-json\/wp\/v2\/posts\/123310\/revisions\/123342"}],"wp:featuredmedia":[{"embeddable":true,"href":"https:\/\/iparaiba.com.br\/index.php\/wp-json\/wp\/v2\/media\/123337"}],"wp:attachment":[{"href":"https:\/\/iparaiba.com.br\/index.php\/wp-json\/wp\/v2\/media?parent=123310"}],"wp:term":[{"taxonomy":"category","embeddable":true,"href":"https:\/\/iparaiba.com.br\/index.php\/wp-json\/wp\/v2\/categories?post=123310"},{"taxonomy":"post_tag","embeddable":true,"href":"https:\/\/iparaiba.com.br\/index.php\/wp-json\/wp\/v2\/tags?post=123310"}],"curies":[{"name":"wp","href":"https:\/\/api.w.org\/{rel}","templated":true}]}}