{"id":123309,"date":"2024-10-25T17:00:04","date_gmt":"2024-10-25T20:00:04","guid":{"rendered":"https:\/\/onordeste.com.br\/?p=123295"},"modified":"2024-10-25T17:00:04","modified_gmt":"2024-10-25T20:00:04","slug":"governo-triplica-instalacao-de-cisternas","status":"publish","type":"post","link":"https:\/\/iparaiba.com.br\/index.php\/2024\/10\/25\/governo-triplica-instalacao-de-cisternas\/","title":{"rendered":"Governo triplica instala\u00e7\u00e3o de cisternas"},"content":{"rendered":"<p>S\u00edmbolo da retomada das pol\u00edticas sociais de acesso \u00e0 \u00e1gua no Brasil, o Programa Cisternas alcan\u00e7ou, entre janeiro de 2023 e outubro de 2024, a marca de 130,77 mil cisternas e outras tecnologias sociais contratadas. As entregas do per\u00edodo, se comparadas com a soma dos dois \u00faltimos anos do governo anterior, deram um salto quase quatro vezes maior, passando de 10,2 mil para 39,1 mil cisternas prontas e em opera\u00e7\u00e3o, abastecendo fam\u00edlias e animais de cria\u00e7\u00e3o.<\/p>\n<p class=\"callout\">O investimento do Minist\u00e9rio do Desenvolvimento e Assist\u00eancia Social, Fam\u00edlia e Combate \u00e0 Fome (MDS) chegar\u00e1 ao total de R$ 860,4 milh\u00f5es.<\/p>\n<p>No sert\u00e3o pernambucano, onde o sol castiga a terra e a \u00e1gua \u00e9 um bem precioso, a vida de Jos\u00e9 Israel da Silva, um sertanejo de 54 anos, era uma batalha di\u00e1ria contra a escassez. Morador de S\u00e3o Caetano (PE), a busca por \u00e1gua o levava a longas caminhadas, de at\u00e9 10 quil\u00f4metros, por entre a caatinga e trilhas empoeiradas, sob um calor implac\u00e1vel.<\/p>\n","protected":false},"excerpt":{"rendered":"<p>S\u00edmbolo da retomada das pol\u00edticas sociais de acesso \u00e0 \u00e1gua no Brasil, o Programa Cisternas alcan\u00e7ou, entre janeiro de 2023 e outubro de 2024, a marca de 130,77 mil cisternas e outras tecnologias sociais contratadas. As entregas do per\u00edodo, se comparadas com a soma dos dois \u00faltimos anos do governo anterior, deram um salto quase &hellip;<\/p>\n","protected":false},"author":1,"featured_media":103006,"comment_status":"open","ping_status":"open","sticky":false,"template":"","format":"standard","meta":{"footnotes":""},"categories":[3],"tags":[],"class_list":["post-123309","post","type-post","status-publish","format-standard","has-post-thumbnail","hentry","category-nordeste"],"_links":{"self":[{"href":"https:\/\/iparaiba.com.br\/index.php\/wp-json\/wp\/v2\/posts\/123309","targetHints":{"allow":["GET"]}}],"collection":[{"href":"https:\/\/iparaiba.com.br\/index.php\/wp-json\/wp\/v2\/posts"}],"about":[{"href":"https:\/\/iparaiba.com.br\/index.php\/wp-json\/wp\/v2\/types\/post"}],"author":[{"embeddable":true,"href":"https:\/\/iparaiba.com.br\/index.php\/wp-json\/wp\/v2\/users\/1"}],"replies":[{"embeddable":true,"href":"https:\/\/iparaiba.com.br\/index.php\/wp-json\/wp\/v2\/comments?post=123309"}],"version-history":[{"count":1,"href":"https:\/\/iparaiba.com.br\/index.php\/wp-json\/wp\/v2\/posts\/123309\/revisions"}],"predecessor-version":[{"id":123341,"href":"https:\/\/iparaiba.com.br\/index.php\/wp-json\/wp\/v2\/posts\/123309\/revisions\/123341"}],"wp:featuredmedia":[{"embeddable":true,"href":"https:\/\/iparaiba.com.br\/index.php\/wp-json\/wp\/v2\/media\/103006"}],"wp:attachment":[{"href":"https:\/\/iparaiba.com.br\/index.php\/wp-json\/wp\/v2\/media?parent=123309"}],"wp:term":[{"taxonomy":"category","embeddable":true,"href":"https:\/\/iparaiba.com.br\/index.php\/wp-json\/wp\/v2\/categories?post=123309"},{"taxonomy":"post_tag","embeddable":true,"href":"https:\/\/iparaiba.com.br\/index.php\/wp-json\/wp\/v2\/tags?post=123309"}],"curies":[{"name":"wp","href":"https:\/\/api.w.org\/{rel}","templated":true}]}}