{"id":123307,"date":"2024-10-25T13:00:46","date_gmt":"2024-10-25T16:00:46","guid":{"rendered":"https:\/\/onordeste.com.br\/?p=123291"},"modified":"2024-10-25T13:00:46","modified_gmt":"2024-10-25T16:00:46","slug":"stf-fara-audiencia-para-discutir-empregaticio-entre-motoristas-e-plataformas","status":"publish","type":"post","link":"https:\/\/iparaiba.com.br\/index.php\/2024\/10\/25\/stf-fara-audiencia-para-discutir-empregaticio-entre-motoristas-e-plataformas\/","title":{"rendered":"STF far\u00e1 audi\u00eancia para discutir empregat\u00edcio entre motoristas e plataformas"},"content":{"rendered":"<p>O ministro Edson Fachin, do Supremo Tribunal Federal, convocou para 9 de dezembro uma audi\u00eancia p\u00fablica para discutir a possibilidade ou n\u00e3o do reconhecimento de v\u00ednculo de emprego entre motoristas de aplicativo de transporte e a plataforma digital intermediadora. Pessoas e entidades interessadas em expor suas posi\u00e7\u00f5es sobre o tema devem se inscrever at\u00e9 21 de novembro.<\/p>\n<p>A mat\u00e9ria \u00e9 objeto do Recurso Extraordin\u00e1rio\u00a0<strong><a href=\"https:\/\/portal.stf.jus.br\/processos\/detalhe.asp?incidente=6679823\" target=\"_blank\" rel=\"noreferrer noopener\" data-type=\"URL\" data-id=\"https:\/\/portal.stf.jus.br\/processos\/detalhe.asp?incidente=6679823\">(RE) 1446336<\/a><\/strong>, com repercuss\u00e3o geral reconhecida (Tema 1.291). No recurso, a Uber do Brasil Tecnologia Ltda. questiona decis\u00e3o do Tribunal Superior do Trabalho (TST) que entendeu que a rela\u00e7\u00e3o de um motorista com a plataforma cumpria os requisitos da CLT para o reconhecimento do v\u00ednculo de emprego.<\/p>\n<p>Segundo a Uber, esse entendimento afronta os princ\u00edpios constitucionais da livre iniciativa e da livre concorr\u00eancia e atinge todo o novo modelo de neg\u00f3cios de \u201ceconomia compartilhada\u201d de trabalho intermediado por plataformas tecnol\u00f3gicas.<\/p>\n<p>Para Fachin, a quest\u00e3o est\u00e1 conectada aos debates globais sobre as din\u00e2micas de trabalho na era digital e se revela \u201cum dos temas mais incandescentes na atual conjuntura trabalhista-constitucional, catalisando debates e diverg\u00eancias consistentes\u201d. O ministro observou que a mat\u00e9ria j\u00e1 est\u00e1 em discuss\u00e3o nos Poderes Legislativo e Executivo, e entende que o Judici\u00e1rio tamb\u00e9m deve dialogar com pessoas f\u00edsicas e jur\u00eddicas, entidades, especialistas e institui\u00e7\u00f5es e, assim, contribuir para fortalecer a seguran\u00e7a jur\u00eddica.<\/p>\n<h5 class=\"wp-block-heading\"><strong>Como participar<\/strong><\/h5>\n<p>As manifesta\u00e7\u00f5es devem ser feitas pelo endere\u00e7o\u00a0<a href=\"mailto:AudienciapublicaTEMA1291@stf.jus.br\" target=\"_blank\" rel=\"noreferrer noopener\"><strong>AudienciapublicaTEMA1291@stf.jus.br<\/strong><\/a>, at\u00e9 as 11h59 do dia 21 de novembro. A solicita\u00e7\u00e3o de participa\u00e7\u00e3o dever\u00e1 conter a qualifica\u00e7\u00e3o do \u00f3rg\u00e3o, entidade ou especialista, a indica\u00e7\u00e3o do expositor e o sum\u00e1rio dos dados e fundamentos a serem apresentados na audi\u00eancia p\u00fablica.<\/p>\n<p>Os participantes ser\u00e3o selecionados, entre outros, pelos crit\u00e9rios de representatividade, especializa\u00e7\u00e3o t\u00e9cnica e expertise e garantia da pluralidade da composi\u00e7\u00e3o da audi\u00eancia e dos pontos de vista a serem defendidos. No despacho, o ministro lista alguns dos aspectos que pretende esclarecer na audi\u00eancia.<\/p>\n<p>Leia a\u00a0<strong><a href=\"https:\/\/portal.stf.jus.br\/processos\/downloadPeca.asp?id=15371467609&amp;ext=.pdf\" target=\"_blank\" rel=\"noreferrer noopener\" data-type=\"URL\" data-id=\"https:\/\/portal.stf.jus.br\/processos\/downloadPeca.asp?id=15371467609&amp;ext=.pdf\">\u00edntegra do despacho<\/a><\/strong>.<\/p>\n<p>STF<\/p>\n","protected":false},"excerpt":{"rendered":"<p>O ministro Edson Fachin, do Supremo Tribunal Federal, convocou para 9 de dezembro uma audi\u00eancia p\u00fablica para discutir a possibilidade ou n\u00e3o do reconhecimento de v\u00ednculo de emprego entre motoristas de aplicativo de transporte e a plataforma digital intermediadora. Pessoas e entidades interessadas em expor suas posi\u00e7\u00f5es sobre o tema devem se inscrever at\u00e9 21 &hellip;<\/p>\n","protected":false},"author":1,"featured_media":97375,"comment_status":"open","ping_status":"open","sticky":false,"template":"","format":"standard","meta":{"footnotes":""},"categories":[12],"tags":[],"class_list":["post-123307","post","type-post","status-publish","format-standard","has-post-thumbnail","hentry","category-emprego"],"_links":{"self":[{"href":"https:\/\/iparaiba.com.br\/index.php\/wp-json\/wp\/v2\/posts\/123307","targetHints":{"allow":["GET"]}}],"collection":[{"href":"https:\/\/iparaiba.com.br\/index.php\/wp-json\/wp\/v2\/posts"}],"about":[{"href":"https:\/\/iparaiba.com.br\/index.php\/wp-json\/wp\/v2\/types\/post"}],"author":[{"embeddable":true,"href":"https:\/\/iparaiba.com.br\/index.php\/wp-json\/wp\/v2\/users\/1"}],"replies":[{"embeddable":true,"href":"https:\/\/iparaiba.com.br\/index.php\/wp-json\/wp\/v2\/comments?post=123307"}],"version-history":[{"count":1,"href":"https:\/\/iparaiba.com.br\/index.php\/wp-json\/wp\/v2\/posts\/123307\/revisions"}],"predecessor-version":[{"id":123339,"href":"https:\/\/iparaiba.com.br\/index.php\/wp-json\/wp\/v2\/posts\/123307\/revisions\/123339"}],"wp:featuredmedia":[{"embeddable":true,"href":"https:\/\/iparaiba.com.br\/index.php\/wp-json\/wp\/v2\/media\/97375"}],"wp:attachment":[{"href":"https:\/\/iparaiba.com.br\/index.php\/wp-json\/wp\/v2\/media?parent=123307"}],"wp:term":[{"taxonomy":"category","embeddable":true,"href":"https:\/\/iparaiba.com.br\/index.php\/wp-json\/wp\/v2\/categories?post=123307"},{"taxonomy":"post_tag","embeddable":true,"href":"https:\/\/iparaiba.com.br\/index.php\/wp-json\/wp\/v2\/tags?post=123307"}],"curies":[{"name":"wp","href":"https:\/\/api.w.org\/{rel}","templated":true}]}}