{"id":123279,"date":"2024-10-21T11:54:40","date_gmt":"2024-10-21T14:54:40","guid":{"rendered":"https:\/\/onordeste.com.br\/?p=123233"},"modified":"2024-10-21T11:54:40","modified_gmt":"2024-10-21T14:54:40","slug":"r-51-milhoes-para-a-agricultura-familiar","status":"publish","type":"post","link":"https:\/\/iparaiba.com.br\/index.php\/2024\/10\/21\/r-51-milhoes-para-a-agricultura-familiar\/","title":{"rendered":"R$ 5,1 milh\u00f5es para a agricultura familiar"},"content":{"rendered":"<p>O governador Jo\u00e3o Azev\u00eado realizou no Espa\u00e7o Cultural Jos\u00e9 Lins do Rego, em Jo\u00e3o Pessoa, o lan\u00e7amento das compras do Programa de Aquisi\u00e7\u00e3o de Alimentos Estadual, na modalidade Compra com Doa\u00e7\u00e3o Simult\u00e2nea (PAA-CDS), com investimentos de R$ 5,1 milh\u00f5es de recursos pr\u00f3prios do Estado. Na ocasi\u00e3o, foram assinados contratos com 32 cooperativas paraibanas, refor\u00e7ando a import\u00e2ncia da colabora\u00e7\u00e3o entre o estado e os agricultores, visando melhorar a qualidade de vida nas comunidades vulner\u00e1veis, promover a inclus\u00e3o produtiva e combater a inseguran\u00e7a alimentar. O evento marcou as comemora\u00e7\u00f5es do Dia Mundial da Alimenta\u00e7\u00e3o.<\/p>\n<p>Na oportunidade, o chefe do Executivo estadual ressaltou a import\u00e2ncia dos investimentos na agricultura familiar para a gera\u00e7\u00e3o de emprego e renda no campo. \u201cApenas com essa a\u00e7\u00e3o de hoje s\u00e3o mais de 2.400 agricultores beneficiados e que far\u00e1 a diferen\u00e7a na vida de mais de 50 mil fam\u00edlias. N\u00f3s queremos cada vez mais qualificar e mecanizar a agricultura familiar, aumentar a produtividade, promover aumento de renda e a melhoria da condi\u00e7\u00e3o de vida das pessoas\u201d, frisou.<\/p>\n<p>Ele tamb\u00e9m destacou que, al\u00e9m do PAA, o governo tem assegurado um grande volume de recursos na agricultura familiar. \u201cN\u00f3s temos o Procase II, o programa Para\u00edba Rural Sustent\u00e1vel, o Sert\u00e3o Vivo, que comprovam o nosso compromisso e olhar atento com a agricultura familiar que tem transformado para melhor a vida das pessoas\u201d, acrescentou.<\/p>\n","protected":false},"excerpt":{"rendered":"<p>O governador Jo\u00e3o Azev\u00eado realizou no Espa\u00e7o Cultural Jos\u00e9 Lins do Rego, em Jo\u00e3o Pessoa, o lan\u00e7amento das compras do Programa de Aquisi\u00e7\u00e3o de Alimentos Estadual, na modalidade Compra com Doa\u00e7\u00e3o Simult\u00e2nea (PAA-CDS), com investimentos de R$ 5,1 milh\u00f5es de recursos pr\u00f3prios do Estado. Na ocasi\u00e3o, foram assinados contratos com 32 cooperativas paraibanas, refor\u00e7ando a &hellip;<\/p>\n","protected":false},"author":1,"featured_media":109695,"comment_status":"open","ping_status":"open","sticky":false,"template":"","format":"standard","meta":{"footnotes":""},"categories":[3],"tags":[],"class_list":["post-123279","post","type-post","status-publish","format-standard","has-post-thumbnail","hentry","category-nordeste"],"_links":{"self":[{"href":"https:\/\/iparaiba.com.br\/index.php\/wp-json\/wp\/v2\/posts\/123279","targetHints":{"allow":["GET"]}}],"collection":[{"href":"https:\/\/iparaiba.com.br\/index.php\/wp-json\/wp\/v2\/posts"}],"about":[{"href":"https:\/\/iparaiba.com.br\/index.php\/wp-json\/wp\/v2\/types\/post"}],"author":[{"embeddable":true,"href":"https:\/\/iparaiba.com.br\/index.php\/wp-json\/wp\/v2\/users\/1"}],"replies":[{"embeddable":true,"href":"https:\/\/iparaiba.com.br\/index.php\/wp-json\/wp\/v2\/comments?post=123279"}],"version-history":[{"count":0,"href":"https:\/\/iparaiba.com.br\/index.php\/wp-json\/wp\/v2\/posts\/123279\/revisions"}],"wp:featuredmedia":[{"embeddable":true,"href":"https:\/\/iparaiba.com.br\/index.php\/wp-json\/wp\/v2\/media\/109695"}],"wp:attachment":[{"href":"https:\/\/iparaiba.com.br\/index.php\/wp-json\/wp\/v2\/media?parent=123279"}],"wp:term":[{"taxonomy":"category","embeddable":true,"href":"https:\/\/iparaiba.com.br\/index.php\/wp-json\/wp\/v2\/categories?post=123279"},{"taxonomy":"post_tag","embeddable":true,"href":"https:\/\/iparaiba.com.br\/index.php\/wp-json\/wp\/v2\/tags?post=123279"}],"curies":[{"name":"wp","href":"https:\/\/api.w.org\/{rel}","templated":true}]}}