{"id":123276,"date":"2024-10-21T11:45:26","date_gmt":"2024-10-21T14:45:26","guid":{"rendered":"https:\/\/onordeste.com.br\/?p=123226"},"modified":"2024-10-21T11:45:26","modified_gmt":"2024-10-21T14:45:26","slug":"camara-de-joao-pessoa-realiza-coletiva","status":"publish","type":"post","link":"https:\/\/iparaiba.com.br\/index.php\/2024\/10\/21\/camara-de-joao-pessoa-realiza-coletiva\/","title":{"rendered":"C\u00e2mara de Jo\u00e3o Pessoa realiza coletiva"},"content":{"rendered":"<p>A Mesa Diretora da C\u00e2mara Municipal de Jo\u00e3o Pessoa (CMJP) adiou para esta ter\u00e7a-feira (22) a entrevista coletiva que estava prevista para hoje (21) para falar sobre a sequ\u00eancia dos trabalhos na Casa, ap\u00f3s o afastamento do presidente Dinho Dowsley no \u00e2mbito da Opera\u00e7\u00e3o Livre Arb\u00edtrio, deflagrada pela Pol\u00edcia Federal na sexta-feira (18).<\/p>\n<p>O adiamento, segundo nota divulgada pela Mesa Diretora, acontece em virtude do julgamento previsto para hoje de um recurso em tramita\u00e7\u00e3o no Tribunal Regional Eleitoral (TRE).<\/p>\n<p>Por conta disso, a entrevista foi adiada para esta ter\u00e7a-feira, \u00e0s 9h, na Sala da Presid\u00eancia da C\u00e2mara Municipal de Jo\u00e3o Pessoa.<\/p>\n","protected":false},"excerpt":{"rendered":"<p>A Mesa Diretora da C\u00e2mara Municipal de Jo\u00e3o Pessoa (CMJP) adiou para esta ter\u00e7a-feira (22) a entrevista coletiva que estava prevista para hoje (21) para falar sobre a sequ\u00eancia dos trabalhos na Casa, ap\u00f3s o afastamento do presidente Dinho Dowsley no \u00e2mbito da Opera\u00e7\u00e3o Livre Arb\u00edtrio, deflagrada pela Pol\u00edcia Federal na sexta-feira (18). O adiamento, &hellip;<\/p>\n","protected":false},"author":1,"featured_media":97717,"comment_status":"open","ping_status":"open","sticky":false,"template":"","format":"standard","meta":{"footnotes":""},"categories":[8],"tags":[],"class_list":["post-123276","post","type-post","status-publish","format-standard","has-post-thumbnail","hentry","category-politica"],"_links":{"self":[{"href":"https:\/\/iparaiba.com.br\/index.php\/wp-json\/wp\/v2\/posts\/123276","targetHints":{"allow":["GET"]}}],"collection":[{"href":"https:\/\/iparaiba.com.br\/index.php\/wp-json\/wp\/v2\/posts"}],"about":[{"href":"https:\/\/iparaiba.com.br\/index.php\/wp-json\/wp\/v2\/types\/post"}],"author":[{"embeddable":true,"href":"https:\/\/iparaiba.com.br\/index.php\/wp-json\/wp\/v2\/users\/1"}],"replies":[{"embeddable":true,"href":"https:\/\/iparaiba.com.br\/index.php\/wp-json\/wp\/v2\/comments?post=123276"}],"version-history":[{"count":0,"href":"https:\/\/iparaiba.com.br\/index.php\/wp-json\/wp\/v2\/posts\/123276\/revisions"}],"wp:featuredmedia":[{"embeddable":true,"href":"https:\/\/iparaiba.com.br\/index.php\/wp-json\/wp\/v2\/media\/97717"}],"wp:attachment":[{"href":"https:\/\/iparaiba.com.br\/index.php\/wp-json\/wp\/v2\/media?parent=123276"}],"wp:term":[{"taxonomy":"category","embeddable":true,"href":"https:\/\/iparaiba.com.br\/index.php\/wp-json\/wp\/v2\/categories?post=123276"},{"taxonomy":"post_tag","embeddable":true,"href":"https:\/\/iparaiba.com.br\/index.php\/wp-json\/wp\/v2\/tags?post=123276"}],"curies":[{"name":"wp","href":"https:\/\/api.w.org\/{rel}","templated":true}]}}