{"id":123263,"date":"2024-10-23T08:00:42","date_gmt":"2024-10-23T11:00:42","guid":{"rendered":"https:\/\/onordeste.com.br\/?p=123263"},"modified":"2024-10-23T08:00:42","modified_gmt":"2024-10-23T11:00:42","slug":"governo-federal-prepara-reforma-administrativa","status":"publish","type":"post","link":"https:\/\/iparaiba.com.br\/index.php\/2024\/10\/23\/governo-federal-prepara-reforma-administrativa\/","title":{"rendered":"Governo federal prepara reforma administrativa"},"content":{"rendered":"<p>O governo federal pretende fazer uma\u00a0ampla reforma administrativa, com a constru\u00e7\u00e3o de uma nova legisla\u00e7\u00e3o que venha substituir o\u00a0<a href=\"https:\/\/www.planalto.gov.br\/ccivil_03\/decreto-lei\/del0200.htm\" target=\"_blank\" rel=\"noopener\">Decreto-Lei n\u00ba 200\/1967<\/a>. O decreto foi\u00a0institu\u00eddo durante a ditadura c\u00edvico-militar (1964-1985) e que ainda hoje \u201cdisp\u00f5e sobre a organiza\u00e7\u00e3o da administra\u00e7\u00e3o federal.\u201d<img decoding=\"async\" src=\"https:\/\/agenciabrasil.ebc.com.br\/ebc.png?id=1616216&amp;o=node\" \/><img decoding=\"async\" src=\"https:\/\/agenciabrasil.ebc.com.br\/ebc.gif?id=1616216&amp;o=node\" \/><\/p>\n<p>O prop\u00f3sito, segundo o Minist\u00e9rio da Gest\u00e3o e Inova\u00e7\u00e3o em Servi\u00e7os P\u00fablicos (MGI), \u00e9 tornar a legisla\u00e7\u00e3o compat\u00edvel com a Constitui\u00e7\u00e3o Federal.<\/p>\n<p>Para isso, o MGI e a Advocacia Geral da Uni\u00e3o (AGU) criaram uma comiss\u00e3o formada por mais de uma dezena de especialistas, entre juristas, servidores p\u00fablicos, pesquisadores e acad\u00eamicos.<\/p>\n<p>O grupo tem at\u00e9 abril de 2025, doze meses ap\u00f3s a instala\u00e7\u00e3o da comiss\u00e3o, para elaborar a proposta de revis\u00e3o do decreto-lei.<\/p>\n<p>Al\u00e9m da encomenda na altera\u00e7\u00e3o do decreto, j\u00e1 com 57 anos, o MGI editou em agosto uma\u00a0<a href=\"http:\/\/https\/\/www.in.gov.br\/web\/dou\/-\/portaria-mgi-n-5.127-de-13-de-agosto-de-2024-578207466\" target=\"_blank\" rel=\"noopener\">portaria<\/a>\u00a0fixando diretrizes das carreiras do servi\u00e7o p\u00fablico (Portaria MGI n\u00ba 5.127).\u00a0A norma estabelece princ\u00edpios e orienta\u00e7\u00f5es gerais que os \u00f3rg\u00e3os p\u00fablicos dever\u00e3o seguir para apresentar as suas propostas de reestrutura\u00e7\u00e3o de cargos, carreiras e planos.<\/p>\n<blockquote><p>\u201cEla \u00e9 o primeiro instrumento normativo desde a Lei 8.112 de 1990\u201d, enfatiza Jos\u00e9 Celso Cardoso Jr., secret\u00e1rio de Gest\u00e3o de Pessoas do MGI, em refer\u00eancia ao\u00a0<a href=\"https:\/\/www.planalto.gov.br\/ccivil_03\/leis\/l8112cons.htm\" target=\"_blank\" rel=\"noopener\">Estatuto do Servidor<\/a>.<\/p><\/blockquote>\n<p>Em entrevista \u00e0\u00a0<strong>Ag\u00eancia Brasil<\/strong>, Cardoso Jr. confirma que \u201co governo federal j\u00e1 est\u00e1 fazendo uma reforma administrativa na pr\u00e1tica.\u201d Segundo ele, a reforma est\u00e1 \u201cem a\u00e7\u00e3o\u201d desde 2023 e ocorre \u201cpor meio de uma s\u00e9rie de medidas de natureza infraconstitucional e incremental que j\u00e1 vem sendo adotadas, para melhorar a estrutura e as formas de funcionamento da administra\u00e7\u00e3o p\u00fablica.\u201d<\/p>\n<p>Para o secret\u00e1rio, iniciativas somadas como o concurso p\u00fablico nacional unificado e a realiza\u00e7\u00e3o do dimensionamento da for\u00e7a de trabalho, para quantificar e definir os perfis mais adequados de servidores, e as novas normas para aperfei\u00e7oamento da pol\u00edtica nacional de desenvolvimento de pessoas \u201cconfiguram uma reforma administrativa j\u00e1 em andamento.\u201d<\/p>\n<h2>PEC 32<\/h2>\n<p>A realiza\u00e7\u00e3o da reforma administrativa foi anunciada pela\u00a0<a href=\"https:\/\/agenciabrasil.ebc.com.br\/economia\/noticia\/2022-12\/governo-eleito-fara-nova-reforma-administrativa-informa-transicao\" target=\"_blank\" rel=\"noopener\">equipe de transi\u00e7\u00e3o do atual governo<\/a>\u00a0em dezembro de 2022. Na avalia\u00e7\u00e3o de especialistas, a reforma em andamento \u00e9 mais abrangente do que a<a href=\"https:\/\/www.camara.leg.br\/proposicoesWeb\/fichadetramitacao?idProposicao=2262083\" target=\"_blank\" rel=\"noopener\">\u00a0Proposta de Emenda Constitucional (PEC) n\u00ba 32<\/a>,\u00a0apresentada em setembro de 2020 ao Congresso Nacional, e chegou a ser aprovada em comiss\u00e3o especial da C\u00e2mara dos Deputados, mas que n\u00e3o foi levada \u00e0 vota\u00e7\u00e3o no Plen\u00e1rio por falta de apoio.<\/p>\n<p>\u201cPoliticamente, era uma coisa que n\u00e3o fazia sentido ali\u201d, opina o cientista pol\u00edtico Leonardo Barreto que acompanha o dia a dia do Parlamento h\u00e1 mais de duas d\u00e9cadas.<\/p>\n<p>A professora e pesquisadora no Instituto de Ci\u00eancia Pol\u00edtica da Universidade de Bras\u00edlia (UnB), Michelle Fernandez, assinala que a PEC 32 \u201cnasceu obsoleta\u201d e \u201ctem um objetivo estritamente fiscal, de diminui\u00e7\u00e3o de gastos. Portanto, n\u00e3o olha para a atua\u00e7\u00e3o do Estado. A exist\u00eancia do servidor p\u00fablico \u00e9 para atender a sociedade e colocar de p\u00e9 pol\u00edticas p\u00fablicas.\u201d<\/p>\n<p>\u201cA PEC 32 trata dos funcion\u00e1rios p\u00fablicos. Olha para uma pequena fatia do funcionamento do Estado\u201d, opina Sheila Tolentino, p\u00f3s-doutora em Ci\u00eancia Pol\u00edtica, pesquisadora do Instituto de Pesquisa Econ\u00f4mica Aplicada (Ipea) e integrante da comiss\u00e3o de especialistas que discute a legisla\u00e7\u00e3o para substituir o Decreto-Lei n\u00ba 200. Segundo ela, o pa\u00eds precisa fazer a reforma administrativa \u201colhando para o servi\u00e7o que \u00e9 entregue \u00e0 popula\u00e7\u00e3o.\u201d<\/p>\n<p>Representantes dos servidores p\u00fablicos ouvidos pela Comiss\u00e3o de Administra\u00e7\u00e3o e Servi\u00e7o P\u00fablico da C\u00e2mara dos Deputados no final do ano passado alertaram aos parlamentares que a PEC 32 poderia afetar a impessoalidade das contrata\u00e7\u00f5es na administra\u00e7\u00e3o p\u00fablica, terceirizar carreiras permanentes em \u00e1reas como sa\u00fade, educa\u00e7\u00e3o e assist\u00eancia social, e dificultar as investiga\u00e7\u00f5es de casos de corrup\u00e7\u00e3o que hoje s\u00e3o apurados por servidores com estabilidade.<\/p>\n<p>Ag\u00eancia Brasil<\/p>\n","protected":false},"excerpt":{"rendered":"<p>O governo federal pretende fazer uma\u00a0ampla reforma administrativa, com a constru\u00e7\u00e3o de uma nova legisla\u00e7\u00e3o que venha substituir o\u00a0Decreto-Lei n\u00ba 200\/1967. O decreto foi\u00a0institu\u00eddo durante a ditadura c\u00edvico-militar (1964-1985) e que ainda hoje \u201cdisp\u00f5e sobre a organiza\u00e7\u00e3o da administra\u00e7\u00e3o federal.\u201d O prop\u00f3sito, segundo o Minist\u00e9rio da Gest\u00e3o e Inova\u00e7\u00e3o em Servi\u00e7os P\u00fablicos (MGI), \u00e9 tornar &hellip;<\/p>\n","protected":false},"author":1,"featured_media":97467,"comment_status":"open","ping_status":"open","sticky":false,"template":"","format":"standard","meta":{"footnotes":""},"categories":[10],"tags":[],"class_list":["post-123263","post","type-post","status-publish","format-standard","has-post-thumbnail","hentry","category-manchetes"],"_links":{"self":[{"href":"https:\/\/iparaiba.com.br\/index.php\/wp-json\/wp\/v2\/posts\/123263","targetHints":{"allow":["GET"]}}],"collection":[{"href":"https:\/\/iparaiba.com.br\/index.php\/wp-json\/wp\/v2\/posts"}],"about":[{"href":"https:\/\/iparaiba.com.br\/index.php\/wp-json\/wp\/v2\/types\/post"}],"author":[{"embeddable":true,"href":"https:\/\/iparaiba.com.br\/index.php\/wp-json\/wp\/v2\/users\/1"}],"replies":[{"embeddable":true,"href":"https:\/\/iparaiba.com.br\/index.php\/wp-json\/wp\/v2\/comments?post=123263"}],"version-history":[{"count":1,"href":"https:\/\/iparaiba.com.br\/index.php\/wp-json\/wp\/v2\/posts\/123263\/revisions"}],"predecessor-version":[{"id":123299,"href":"https:\/\/iparaiba.com.br\/index.php\/wp-json\/wp\/v2\/posts\/123263\/revisions\/123299"}],"wp:featuredmedia":[{"embeddable":true,"href":"https:\/\/iparaiba.com.br\/index.php\/wp-json\/wp\/v2\/media\/97467"}],"wp:attachment":[{"href":"https:\/\/iparaiba.com.br\/index.php\/wp-json\/wp\/v2\/media?parent=123263"}],"wp:term":[{"taxonomy":"category","embeddable":true,"href":"https:\/\/iparaiba.com.br\/index.php\/wp-json\/wp\/v2\/categories?post=123263"},{"taxonomy":"post_tag","embeddable":true,"href":"https:\/\/iparaiba.com.br\/index.php\/wp-json\/wp\/v2\/tags?post=123263"}],"curies":[{"name":"wp","href":"https:\/\/api.w.org\/{rel}","templated":true}]}}