{"id":123258,"date":"2024-10-22T16:07:20","date_gmt":"2024-10-22T19:07:20","guid":{"rendered":"https:\/\/onordeste.com.br\/?p=123255"},"modified":"2024-10-22T16:07:20","modified_gmt":"2024-10-22T19:07:20","slug":"g20-conclui-discussoes-sobre-comercio-e-investimentos","status":"publish","type":"post","link":"https:\/\/iparaiba.com.br\/index.php\/2024\/10\/22\/g20-conclui-discussoes-sobre-comercio-e-investimentos\/","title":{"rendered":"G20 conclui discuss\u00f5es sobre com\u00e9rcio e investimentos"},"content":{"rendered":"<div class=\"texto-conteudo\">\n<div>\n<p style=\"text-align: left;\" align=\"center\">Bras\u00edlia ser\u00e1 palco de intensas reuni\u00f5es sobre temas relativos ao com\u00e9rcio e aos investimentos entre os membros do G20 nesta semana. Entre os dias 21 e 24 de outubro, representantes das principais economias do mundo se reunir\u00e3o na capital federal para discutir temas cruciais para a economia global.<\/p>\n<p>O ponto alto do encontro ser\u00e1 a reuni\u00e3o ministerial, marcada para o dia 24, quando ministros de Com\u00e9rcio dos membros do G20 e convidados encerrar\u00e3o discuss\u00f5es que v\u00eam sendo feitas ao longo do ano sobre quatro temas priorit\u00e1rios: com\u00e9rcio e desenvolvimento sustent\u00e1vel; mulheres e com\u00e9rcio internacional; desenvolvimento sustent\u00e1vel em acordos de investimento; e reforma da Organiza\u00e7\u00e3o Mundial do Com\u00e9rcio (OMC).<\/p>\n<p>A expectativa \u00e9 que a reuni\u00e3o resulte em um documento com os consensos alcan\u00e7ados, que ser\u00e1 levado \u00e0 C\u00fapula do G20, em novembro.<\/p>\n<p>Antecedendo a reuni\u00e3o ministerial, o grupo de trabalho de Com\u00e9rcio e Investimentos far\u00e1 sua \u00faltima reuni\u00e3o t\u00e9cnica sob a presid\u00eancia brasileira nesta segunda e ter\u00e7a-feira (21 e 22\/10). Coordenam o grupo os minist\u00e9rios do Desenvolvimento, Ind\u00fastria, Com\u00e9rcio e Servi\u00e7os (MDIC) e Rela\u00e7\u00f5es Exteriores (MRE).<\/p>\n<p>Ser\u00e3o 37 pa\u00edses representados nas reuni\u00f5es desta semana. No total, mais de 200 delegados de membros do G20, pa\u00edses e organiza\u00e7\u00f5es internacionais convidados participar\u00e3o das discuss\u00f5es.<\/p>\n<p>J\u00e1 est\u00e3o confirmados nomes como o Comiss\u00e1rio de Com\u00e9rcio da Uni\u00e3o Europeia, Valdis Dombrovskis; a Representante para o Com\u00e9rcio dos Estados Unidos, Katherine Tai; o Negociador Chefe para Temas Comerciais da China, Wang Shouwen; e a Diretora-Geral da Organiza\u00e7\u00e3o Mundial do Com\u00e9rcio, Ngozi Okonjo-Iweala.<\/p>\n<p>Entre a reuni\u00e3o t\u00e9cnica e a reuni\u00e3o ministerial, tamb\u00e9m est\u00e3o previstas v\u00e1rias reuni\u00f5es bilaterais entre representantes dos pa\u00edses na quarta-feira (23).<\/p>\n<h4><strong>Temas priorit\u00e1rios<\/strong><\/h4>\n<p>Entre as pautas priorit\u00e1rias, a mais desafiadora \u00a0busca estabelecer uma liga\u00e7\u00e3o s\u00f3lida entre com\u00e9rcio e desenvolvimento sustent\u00e1vel. O Brasil prop\u00f5e que membros do G20 adotem um conjunto de princ\u00edpios que devem orientar a elabora\u00e7\u00e3o e a implementa\u00e7\u00e3o de medidas de desenvolvimento sustent\u00e1vel relacionadas ao com\u00e9rcio internacional.<\/p>\n<p>Embora haja diverg\u00eancias entre os pa\u00edses, o grupo aceitou discutir a formula\u00e7\u00e3o dos princ\u00edpios, em reuni\u00e3o realizada em junho, e vem trabalhando neste documento. A expectativa \u00e9 sua conclus\u00e3o ao longo desta semana.<\/p>\n<p>No tema do desenvolvimento sustent\u00e1vel em acordos de investimento, o grupo deve recepcionar, como documento refer\u00eancia para os pa\u00edses, um estudo encomendado pela presid\u00eancia brasileira \u00e0 Unctad (Confer\u00eancia das Na\u00e7\u00f5es Unidas sobre Com\u00e9rcio e Desenvolvimento) que mapeia cl\u00e1usulas de desenvolvimento sustent\u00e1vel e facilita\u00e7\u00e3o de investimentos em acordos internacionais de investimento (IIAs).<\/p>\n<p>Outro ponto importante em discuss\u00e3o \u00e9 a promo\u00e7\u00e3o da participa\u00e7\u00e3o das mulheres no com\u00e9rcio internacional. Pela primeira vez, o G20 tratou esse tema como uma prioridade independente. Durante o ano, os membros compartilharam iniciativas em curso em seus pa\u00edses e propuseram um &#8220;Comp\u00eandio de Boas Pr\u00e1ticas do G20 para Aumentar a Participa\u00e7\u00e3o das Mulheres no Com\u00e9rcio Internacional&#8221;. O objetivo \u00e9 que esse documento sirva como guia para os pa\u00edses interessados em remover barreiras e aumentar a inclus\u00e3o feminina no com\u00e9rcio global.<\/p>\n<p>No que se refere \u00e0 OMC, o grupo deve refor\u00e7ar o consenso em rela\u00e7\u00e3o \u00e0 reforma da institui\u00e7\u00e3o e ao fortalecimento do sistema multilateral, com foco na promo\u00e7\u00e3o de um com\u00e9rcio justo e sustent\u00e1vel.<\/p>\n<p><strong>Programa\u00e7\u00e3o<\/strong><\/p>\n<p><strong>21 e 22 de outubro\u00a0<\/strong>&#8211; Reuni\u00e3o do Grupo de Trabalho de Com\u00e9rcio e Investimentos do G20<\/p>\n<p><strong>23 de outubro\u00a0<\/strong>\u2013 Reuni\u00f5es bilaterais<\/p>\n<p><strong>24 de outubro\u00a0<\/strong>\u2013 Reuni\u00e3o de Ministros do Com\u00e9rcio e Investimentos do G20<\/p>\n<p><strong>25 de outubro\u00a0<\/strong>\u2013 C\u00fapula do B20, em S\u00e3o Paulo, com a presen\u00e7a de Ministros e lideran\u00e7as empresariais dos pa\u00edses do G20.<\/p>\n<p>As reuni\u00f5es de 21 a 24 de outubro ocorrer\u00e3o na sede do G20 em Bras\u00edlia, no pr\u00e9dio do Serpro Regional.<\/p>\n<\/div>\n<\/div>\n<p><a class=\"materia-original\" href=\"https:\/\/www.gov.br\/mdic\/pt-br\/assuntos\/noticias\/2024\/outubro\/sob-presidencia-brasileira-g20-conclui-discussoes-sobre-comercio-e-investimentos-nesta-semana-em-brasilia\" target=\"_blank\" rel=\"noopener\">Link: https:\/\/www.gov.br\/mdic\/pt-br\/assuntos\/noticias\/2024\/outubro\/sob-presidencia-brasileira-g20-conclui-discussoes-sobre-comercio-e-investimentos-nesta-semana-em-brasilia<\/a><\/p>\n","protected":false},"excerpt":{"rendered":"<p>Bras\u00edlia ser\u00e1 palco de intensas reuni\u00f5es sobre temas relativos ao com\u00e9rcio e aos investimentos entre os membros do G20 nesta semana. Entre os dias 21 e 24 de outubro, representantes das principais economias do mundo se reunir\u00e3o na capital federal para discutir temas cruciais para a economia global. O ponto alto do encontro ser\u00e1 a &hellip;<\/p>\n","protected":false},"author":1,"featured_media":123284,"comment_status":"open","ping_status":"open","sticky":false,"template":"","format":"standard","meta":{"footnotes":""},"categories":[18],"tags":[],"class_list":["post-123258","post","type-post","status-publish","format-standard","has-post-thumbnail","hentry","category-brasil"],"_links":{"self":[{"href":"https:\/\/iparaiba.com.br\/index.php\/wp-json\/wp\/v2\/posts\/123258","targetHints":{"allow":["GET"]}}],"collection":[{"href":"https:\/\/iparaiba.com.br\/index.php\/wp-json\/wp\/v2\/posts"}],"about":[{"href":"https:\/\/iparaiba.com.br\/index.php\/wp-json\/wp\/v2\/types\/post"}],"author":[{"embeddable":true,"href":"https:\/\/iparaiba.com.br\/index.php\/wp-json\/wp\/v2\/users\/1"}],"replies":[{"embeddable":true,"href":"https:\/\/iparaiba.com.br\/index.php\/wp-json\/wp\/v2\/comments?post=123258"}],"version-history":[{"count":1,"href":"https:\/\/iparaiba.com.br\/index.php\/wp-json\/wp\/v2\/posts\/123258\/revisions"}],"predecessor-version":[{"id":123296,"href":"https:\/\/iparaiba.com.br\/index.php\/wp-json\/wp\/v2\/posts\/123258\/revisions\/123296"}],"wp:featuredmedia":[{"embeddable":true,"href":"https:\/\/iparaiba.com.br\/index.php\/wp-json\/wp\/v2\/media\/123284"}],"wp:attachment":[{"href":"https:\/\/iparaiba.com.br\/index.php\/wp-json\/wp\/v2\/media?parent=123258"}],"wp:term":[{"taxonomy":"category","embeddable":true,"href":"https:\/\/iparaiba.com.br\/index.php\/wp-json\/wp\/v2\/categories?post=123258"},{"taxonomy":"post_tag","embeddable":true,"href":"https:\/\/iparaiba.com.br\/index.php\/wp-json\/wp\/v2\/tags?post=123258"}],"curies":[{"name":"wp","href":"https:\/\/api.w.org\/{rel}","templated":true}]}}