{"id":123251,"date":"2024-10-21T15:00:20","date_gmt":"2024-10-21T18:00:20","guid":{"rendered":"https:\/\/onordeste.com.br\/?p=123238"},"modified":"2024-10-21T15:00:20","modified_gmt":"2024-10-21T18:00:20","slug":"governo-lanca-edital-do-cfo-da-policia-militar-com-30-vagas","status":"publish","type":"post","link":"https:\/\/iparaiba.com.br\/index.php\/2024\/10\/21\/governo-lanca-edital-do-cfo-da-policia-militar-com-30-vagas\/","title":{"rendered":"Governo lan\u00e7a edital do CFO da Pol\u00edcia Militar com 30 vagas"},"content":{"rendered":"<p>O Governo Para\u00edba, por meio da Pol\u00edcia Militar, publicou, neste s\u00e1bado (19), o edital com 30 vagas de ampla concorr\u00eancia para o Curso de Forma\u00e7\u00e3o de Oficiais da PM. Para concorrer, o candidato deve estar inscrito no Enem 2024, conforme foi adiantado no m\u00eas de maio deste ano. O certame tem duas fases: exame intelectual (que ser\u00e3o as provas do Enem) e os exames complementares (psicol\u00f3gico, sa\u00fade e aptid\u00e3o f\u00edsica).<\/p>\n<p>O concurso \u00e9 para n\u00edvel superior e tem requisitos de idade (completar no ano da inscri\u00e7\u00e3o do concurso 18 anos, no m\u00ednimo, e 32 anos, no m\u00e1ximo) e altura m\u00ednima (1,60 m para homens e 1,55 m para mulheres), al\u00e9m de outras exig\u00eancias que podem ser conferidas no item 4 do edital. 20% das vagas s\u00e3o reservadas para a popula\u00e7\u00e3o negra, conforme Lei Estadual n\u00ba 12.169\/2021. As inscri\u00e7\u00f5es ser\u00e3o realizadas de 4 a 20 de novembro no site da Pol\u00edcia Militar (www.pm.pb.gov.br). O valor cobrado \u00e9 de R$ 120.<\/p>\n<p>O concurso do CFO \u2013 al\u00e9m da carreira promissora, podendo chegar at\u00e9 o posto de coronel da PM \u2013 tem o diferencial de que os aprovados j\u00e1 come\u00e7am a receber remunera\u00e7\u00e3o durante o per\u00edodo de forma\u00e7\u00e3o, quando o cadete do 1\u00ba ano ganha R$ 3.003,48.<\/p>\n<p><b>Forma\u00e7\u00e3o<\/b>\u00a0\u2013 O Curso de Forma\u00e7\u00e3o de Oficiais tem dura\u00e7\u00e3o de tr\u00eas anos letivos, em per\u00edodo integral e regime de dedica\u00e7\u00e3o exclusiva, no qual os aprovados passam por carga hor\u00e1ria de mais de 3 mil horas\/aulas, com conhecimentos para comandar e coordenar as a\u00e7\u00f5es de seguran\u00e7a p\u00fablica, al\u00e9m do assessoramento ao comando, gerenciando dos recursos humanos e log\u00edsticos da corpora\u00e7\u00e3o, entre outros.<\/p>\n<p>O oficial, cuja remunera\u00e7\u00e3o \u00e9 a partir de R$ 8.745,75 \u2013 referente ao primeiro posto do oficialato, que \u00e9 o de 2\u00ba tenente,\u00a0\u00a0\u00e9 respons\u00e1vel tamb\u00e9m pelo planejamento de a\u00e7\u00f5es e opera\u00e7\u00f5es, desenvolvendo processos e procedimentos administrativos militares, de estudos t\u00e9cnicos e capacita\u00e7\u00e3o profissional, com a finalidade de proteger e preservar a vida dos cidad\u00e3os e garantir o pleno exerc\u00edcio dos seus direitos.<\/p>\n","protected":false},"excerpt":{"rendered":"<p>O Governo Para\u00edba, por meio da Pol\u00edcia Militar, publicou, neste s\u00e1bado (19), o edital com 30 vagas de ampla concorr\u00eancia para o Curso de Forma\u00e7\u00e3o de Oficiais da PM. Para concorrer, o candidato deve estar inscrito no Enem 2024, conforme foi adiantado no m\u00eas de maio deste ano. O certame tem duas fases: exame intelectual &hellip;<\/p>\n","protected":false},"author":1,"featured_media":116720,"comment_status":"open","ping_status":"open","sticky":false,"template":"","format":"standard","meta":{"footnotes":""},"categories":[12],"tags":[],"class_list":["post-123251","post","type-post","status-publish","format-standard","has-post-thumbnail","hentry","category-emprego"],"_links":{"self":[{"href":"https:\/\/iparaiba.com.br\/index.php\/wp-json\/wp\/v2\/posts\/123251","targetHints":{"allow":["GET"]}}],"collection":[{"href":"https:\/\/iparaiba.com.br\/index.php\/wp-json\/wp\/v2\/posts"}],"about":[{"href":"https:\/\/iparaiba.com.br\/index.php\/wp-json\/wp\/v2\/types\/post"}],"author":[{"embeddable":true,"href":"https:\/\/iparaiba.com.br\/index.php\/wp-json\/wp\/v2\/users\/1"}],"replies":[{"embeddable":true,"href":"https:\/\/iparaiba.com.br\/index.php\/wp-json\/wp\/v2\/comments?post=123251"}],"version-history":[{"count":1,"href":"https:\/\/iparaiba.com.br\/index.php\/wp-json\/wp\/v2\/posts\/123251\/revisions"}],"predecessor-version":[{"id":123289,"href":"https:\/\/iparaiba.com.br\/index.php\/wp-json\/wp\/v2\/posts\/123251\/revisions\/123289"}],"wp:featuredmedia":[{"embeddable":true,"href":"https:\/\/iparaiba.com.br\/index.php\/wp-json\/wp\/v2\/media\/116720"}],"wp:attachment":[{"href":"https:\/\/iparaiba.com.br\/index.php\/wp-json\/wp\/v2\/media?parent=123251"}],"wp:term":[{"taxonomy":"category","embeddable":true,"href":"https:\/\/iparaiba.com.br\/index.php\/wp-json\/wp\/v2\/categories?post=123251"},{"taxonomy":"post_tag","embeddable":true,"href":"https:\/\/iparaiba.com.br\/index.php\/wp-json\/wp\/v2\/tags?post=123251"}],"curies":[{"name":"wp","href":"https:\/\/api.w.org\/{rel}","templated":true}]}}