{"id":123216,"date":"2024-10-20T13:00:04","date_gmt":"2024-10-20T16:00:04","guid":{"rendered":"https:\/\/onordeste.com.br\/?p=123216"},"modified":"2024-10-20T13:00:04","modified_gmt":"2024-10-20T16:00:04","slug":"dia-internacional-para-a-erradicacao-da-pobreza-pnud-adere-a-alianca-global","status":"publish","type":"post","link":"https:\/\/iparaiba.com.br\/index.php\/2024\/10\/20\/dia-internacional-para-a-erradicacao-da-pobreza-pnud-adere-a-alianca-global\/","title":{"rendered":"Dia Internacional para a Erradica\u00e7\u00e3o da Pobreza: Pnud adere \u00e0 Alian\u00e7a Global"},"content":{"rendered":"<p dir=\"ltr\">Nesta quinta-feira (17.10),\u00a0 Dia Internacional para a Erradica\u00e7\u00e3o da Pobreza, o Programa das Na\u00e7\u00f5es Unidas para o Desenvolvimento (Pnud) anunciou a ades\u00e3o \u00e0 Alian\u00e7a Global contra a Fome e a Pobreza. Em comunicado divulgado no site, defendeu a iniciativa como instrumento para proporcionar o impulso pol\u00edtico necess\u00e1rio para recolocar o mundo no caminho da erradica\u00e7\u00e3o da fome e da pobreza.<\/p>\n<p dir=\"ltr\">O Pnud salientou a import\u00e2ncia da iniciativa diante de crises e conflitos que agravaram a pobreza no mundo. Segundo estimativas do organismo, espera-se que, em 2024, existam cerca de 692 milh\u00f5es de pessoas na pobreza extrema. Al\u00e9m disso, ressalta que, sem uma acelera\u00e7\u00e3o significativa nos esfor\u00e7os de redu\u00e7\u00e3o da pobreza, menos de tr\u00eas em cada 10 pa\u00edses devem reduzir para metade as taxas nacionais de pobreza at\u00e9 ao final da d\u00e9cada.<\/p>\n<p dir=\"ltr\">\u201cA Alian\u00e7a Global Contra a Fome e a Pobreza, proposta pela Presid\u00eancia do G20 do Brasil, \u00e9 indicativa de uma crescente vontade coletiva de acelerar os esfor\u00e7os nessa \u00e1rea cr\u00edtica e fornecer o impulso pol\u00edtico necess\u00e1rio para colocar o mundo de volta no caminho da erradica\u00e7\u00e3o da fome e da pobreza. Hoje, como parte da fam\u00edlia da ONU, o Pnud junta-se \u00e0 Alian\u00e7a Global e est\u00e1 pronto para apoiar a operacionaliza\u00e7\u00e3o dessa iniciativa\u201d , diz o administrador mundial do Pnud, Achim Steiner, em comunicado.<\/p>\n<p dir=\"ltr\">O Pnud chego no mesmo momento em que a Alian\u00e7a ganhou a\u00a0<a href=\"https:\/\/agenciagov.ebc.com.br\/noticias\/202410\/alianca-global-banco-de-desenvolvimento-da-america-latina-e-caribe-se-junta-a-iniciativa\" target=\"_blank\" rel=\"noopener\" data-linktype=\"internal\" data-val=\"7c47329ad0004597b2d276e15a03acdf\">ades\u00e3o do Banco de Desenvolvimento da Am\u00e9rica Latina e Caribe<\/a>\u00a0(CAF). Na semana passada, a Alemanha foi o\u00a0<a href=\"https:\/\/agenciagov.ebc.com.br\/noticias\/202410\/alemanha-adere-alianca-global-contra-fome-e-pobreza-proposta-pelo-brasil\" target=\"_blank\" rel=\"noopener\" data-linktype=\"internal\" data-val=\"18f32f2df8b740a8834c97312db71708\">primeiro pa\u00eds a aderir \u00e0 Alian\u00e7a Global<\/a>\u00a0Contra a Fome e a Pobreza. A\u00a0<a href=\"https:\/\/agenciagov.ebc.com.br\/noticias\/202410\/oea-se-torna-membro-fundador-da-alianca-global-contra-a-fome-e-a-pobreza-1\" target=\"_blank\" rel=\"noopener\" data-linktype=\"internal\" data-val=\"08cb21a69cb340dc876ab8a96165cf10\">Organiza\u00e7\u00e3o dos Estados Americanos<\/a>\u00a0se uniu como membro fundador, assim como a\u00a0<a href=\"https:\/\/agenciagov.ebc.com.br\/noticias\/202410\/camara-de-comercio-internacional-esta-alianca-global-contra-fome-e-a-pobreza\" target=\"_blank\" rel=\"noopener\" data-linktype=\"internal\" data-val=\"8ef0452d79ec453596873d8887f4d136\">C\u00e2mara de Com\u00e9rcio Internacional<\/a>\u00a0e a\u00a0Funda\u00e7\u00e3o Rockefeller anunciaram que ir\u00e3o contribuir com\u00a0<a href=\"https:\/\/agenciagov.ebc.com.br\/noticias\/202410\/g20-fundacao-rockefeller-se-junta-a-alianca-global-contra-a-fome-e-a-pobreza\" target=\"_blank\" rel=\"noopener\" data-linktype=\"internal\" data-val=\"066487fc0b614b0098a0452ec02d6a21\">conhecimento e financiamento<\/a>.<\/p>\n<h4 dir=\"ltr\"><strong>Pobreza Multidimensional<\/strong><\/h4>\n<p dir=\"ltr\">Dados divulgados pelo \u00cdndice de Pobreza Multidimensional de 2024, mostram que cerca de de 455 milh\u00f5es de pessoas multidimensionalmente pobres vivem em pa\u00edses que experimentam conflitos, fragilidade ou \u2018baixa pacificidade\u2019. Em m\u00e9dia, as taxas de pobreza s\u00e3o mais de tr\u00eas vezes mais elevadas em pa\u00edses que enfrentam guerras em compara\u00e7\u00e3o com aqueles que n\u00e3o enfrentam conflitos. Para Pnud, estudos<\/p>\n<p dir=\"ltr\">O ministro do Desenvolvimento e Assist\u00eancia Social, Fam\u00edlia e Combate \u00e0 Fome, Wellington Dias refor\u00e7ou a import\u00e2ncia de contar com a parceria do Pnud\u00a0 e refor\u00e7ou a urg\u00eancia de combater a fome no mundo . \u201cAlgu\u00e9m que passa fome n\u00e3o consegue dormir, n\u00e3o consegue estudar, n\u00e3o consegue viver. Estamos falando da vida e \u00e9 isso que faz com que o presidente do Brasil, hoje um l\u00edder mundial da causa do combate \u00e0 fome e \u00e0 pobreza, tamb\u00e9m abrace essa miss\u00e3o na presid\u00eancia do Brasil e do G20, com a Alian\u00e7a Global Contra a Fome e a Pobreza\u201d, lembrou. \u201cA ades\u00e3o do Pnud ser\u00e1 mais um passo fundamental nesse esfor\u00e7o coletivo de combate \u00e0 fome e \u00e0\u00a0 pobreza\u201d<\/p>\n","protected":false},"excerpt":{"rendered":"<p>Nesta quinta-feira (17.10),\u00a0 Dia Internacional para a Erradica\u00e7\u00e3o da Pobreza, o Programa das Na\u00e7\u00f5es Unidas para o Desenvolvimento (Pnud) anunciou a ades\u00e3o \u00e0 Alian\u00e7a Global contra a Fome e a Pobreza. Em comunicado divulgado no site, defendeu a iniciativa como instrumento para proporcionar o impulso pol\u00edtico necess\u00e1rio para recolocar o mundo no caminho da erradica\u00e7\u00e3o &hellip;<\/p>\n","protected":false},"author":1,"featured_media":123174,"comment_status":"open","ping_status":"open","sticky":false,"template":"","format":"standard","meta":{"footnotes":""},"categories":[18],"tags":[],"class_list":["post-123216","post","type-post","status-publish","format-standard","has-post-thumbnail","hentry","category-brasil"],"_links":{"self":[{"href":"https:\/\/iparaiba.com.br\/index.php\/wp-json\/wp\/v2\/posts\/123216","targetHints":{"allow":["GET"]}}],"collection":[{"href":"https:\/\/iparaiba.com.br\/index.php\/wp-json\/wp\/v2\/posts"}],"about":[{"href":"https:\/\/iparaiba.com.br\/index.php\/wp-json\/wp\/v2\/types\/post"}],"author":[{"embeddable":true,"href":"https:\/\/iparaiba.com.br\/index.php\/wp-json\/wp\/v2\/users\/1"}],"replies":[{"embeddable":true,"href":"https:\/\/iparaiba.com.br\/index.php\/wp-json\/wp\/v2\/comments?post=123216"}],"version-history":[{"count":1,"href":"https:\/\/iparaiba.com.br\/index.php\/wp-json\/wp\/v2\/posts\/123216\/revisions"}],"predecessor-version":[{"id":123246,"href":"https:\/\/iparaiba.com.br\/index.php\/wp-json\/wp\/v2\/posts\/123216\/revisions\/123246"}],"wp:featuredmedia":[{"embeddable":true,"href":"https:\/\/iparaiba.com.br\/index.php\/wp-json\/wp\/v2\/media\/123174"}],"wp:attachment":[{"href":"https:\/\/iparaiba.com.br\/index.php\/wp-json\/wp\/v2\/media?parent=123216"}],"wp:term":[{"taxonomy":"category","embeddable":true,"href":"https:\/\/iparaiba.com.br\/index.php\/wp-json\/wp\/v2\/categories?post=123216"},{"taxonomy":"post_tag","embeddable":true,"href":"https:\/\/iparaiba.com.br\/index.php\/wp-json\/wp\/v2\/tags?post=123216"}],"curies":[{"name":"wp","href":"https:\/\/api.w.org\/{rel}","templated":true}]}}