{"id":123211,"date":"2024-10-20T08:00:55","date_gmt":"2024-10-20T11:00:55","guid":{"rendered":"https:\/\/onordeste.com.br\/?p=123211"},"modified":"2024-10-20T08:00:55","modified_gmt":"2024-10-20T11:00:55","slug":"marina-cobra-mais-orcamento-e-novas-medidas-contra-queimadas","status":"publish","type":"post","link":"https:\/\/iparaiba.com.br\/index.php\/2024\/10\/20\/marina-cobra-mais-orcamento-e-novas-medidas-contra-queimadas\/","title":{"rendered":"Marina cobra mais or\u00e7amento e novas medidas contra queimadas"},"content":{"rendered":"<p>Em audi\u00eancia na C\u00e2mara dos Deputados marcada por embates entre governistas e oposi\u00e7\u00e3o nesta quarta-feira (16), a ministra do Meio Ambiente, Marina Silva, atualizou as a\u00e7\u00f5es de enfrentamento aos inc\u00eandios florestais que atingiram o pa\u00eds nos \u00faltimos meses. A pior seca em 75 anos de medi\u00e7\u00f5es oficiais no Brasil contribuiu para queimadas em quase todos os estados, com devasta\u00e7\u00e3o mais acentuada na Amaz\u00f4nia, no Pantanal e no Cerrado. Hoje, 80% dos focos est\u00e3o controlados.<\/p>\n<p>Diante do \u201cnovo normal\u201d das mudan\u00e7as clim\u00e1ticas, Marina defendeu mais recursos p\u00fablicos permanentes e novas medidas de adapta\u00e7\u00e3o aos eventos extremos.<\/p>\n<p>\u201cAumentando os or\u00e7amentos, aumentando a nossa governan\u00e7a, inclusive criando novos paradigmas, como esse que falei sobre emerg\u00eancia antecipada: se n\u00f3s decretarmos emerg\u00eancia clim\u00e1tica antecipadamente, n\u00f3s podemos estocar cesta b\u00e1sica, alimento, combust\u00edvel e rem\u00e9dio at\u00e9 tr\u00eas a quatro meses antes\u201d, disse.<\/p>\n<p>Foi necess\u00e1ria uma medida provis\u00f3ria (<a class=\"linkProposicao\" href=\"https:\/\/www.camara.leg.br\/noticias\/1097622-medida-provisoria-destina-r-5145-milhoes-para-combate-as-queimadas-na-amazonia\">MP 1258\/24<\/a>) de cr\u00e9dito extraordin\u00e1rio de R$ 514 milh\u00f5es para enfrentar os inc\u00eandios florestais. A seca hist\u00f3rica foi enfrentada a partir de Sala de Situa\u00e7\u00e3o com representantes de mais de 20 minist\u00e9rios. O alerta de emerg\u00eancia ambiental foi dado por meio de portaria do governo federal em fevereiro; por\u00e9m, a ministra disse que alguns estados s\u00f3 assinaram decretos de proibi\u00e7\u00e3o de uso de fogo quando as queimadas se avolumaram. Tr\u00eas mil brigadistas foram contratados para refor\u00e7ar as equipes do Ibama e do ICMBio. Segundo Marina, o cen\u00e1rio seria mais grave se o governo Lula n\u00e3o tivesse retomado a\u00e7\u00f5es de combate ao desmatamento paralisadas no governo anterior, como o Fundo Amaz\u00f4nia e os planos de a\u00e7\u00e3o para preven\u00e7\u00e3o e controle do desmatamento.<\/p>\n<p>\u201cSe n\u00e3o tiv\u00e9ssemos essa redu\u00e7\u00e3o de desmatamento, a situa\u00e7\u00e3o poderia ser incomparavelmente pior, porque um dos vetores \u00e9 o inc\u00eandio em fun\u00e7\u00e3o das derrubadas. E a\u00ed n\u00f3s temos um fen\u00f4meno novo: agora n\u00f3s temos algo em torno de 32% de inc\u00eandios em conforma\u00e7\u00e3o florestal\u201d.<\/p>\n<p>Ag\u00eancia C\u00e2mara de Not\u00edcias<\/p>\n","protected":false},"excerpt":{"rendered":"<p>Em audi\u00eancia na C\u00e2mara dos Deputados marcada por embates entre governistas e oposi\u00e7\u00e3o nesta quarta-feira (16), a ministra do Meio Ambiente, Marina Silva, atualizou as a\u00e7\u00f5es de enfrentamento aos inc\u00eandios florestais que atingiram o pa\u00eds nos \u00faltimos meses. A pior seca em 75 anos de medi\u00e7\u00f5es oficiais no Brasil contribuiu para queimadas em quase todos &hellip;<\/p>\n","protected":false},"author":1,"featured_media":123212,"comment_status":"open","ping_status":"open","sticky":false,"template":"","format":"standard","meta":{"footnotes":""},"categories":[18],"tags":[],"class_list":["post-123211","post","type-post","status-publish","format-standard","has-post-thumbnail","hentry","category-brasil"],"_links":{"self":[{"href":"https:\/\/iparaiba.com.br\/index.php\/wp-json\/wp\/v2\/posts\/123211","targetHints":{"allow":["GET"]}}],"collection":[{"href":"https:\/\/iparaiba.com.br\/index.php\/wp-json\/wp\/v2\/posts"}],"about":[{"href":"https:\/\/iparaiba.com.br\/index.php\/wp-json\/wp\/v2\/types\/post"}],"author":[{"embeddable":true,"href":"https:\/\/iparaiba.com.br\/index.php\/wp-json\/wp\/v2\/users\/1"}],"replies":[{"embeddable":true,"href":"https:\/\/iparaiba.com.br\/index.php\/wp-json\/wp\/v2\/comments?post=123211"}],"version-history":[{"count":1,"href":"https:\/\/iparaiba.com.br\/index.php\/wp-json\/wp\/v2\/posts\/123211\/revisions"}],"predecessor-version":[{"id":123244,"href":"https:\/\/iparaiba.com.br\/index.php\/wp-json\/wp\/v2\/posts\/123211\/revisions\/123244"}],"wp:featuredmedia":[{"embeddable":true,"href":"https:\/\/iparaiba.com.br\/index.php\/wp-json\/wp\/v2\/media\/123212"}],"wp:attachment":[{"href":"https:\/\/iparaiba.com.br\/index.php\/wp-json\/wp\/v2\/media?parent=123211"}],"wp:term":[{"taxonomy":"category","embeddable":true,"href":"https:\/\/iparaiba.com.br\/index.php\/wp-json\/wp\/v2\/categories?post=123211"},{"taxonomy":"post_tag","embeddable":true,"href":"https:\/\/iparaiba.com.br\/index.php\/wp-json\/wp\/v2\/tags?post=123211"}],"curies":[{"name":"wp","href":"https:\/\/api.w.org\/{rel}","templated":true}]}}