{"id":123209,"date":"2024-10-20T06:00:42","date_gmt":"2024-10-20T09:00:42","guid":{"rendered":"https:\/\/onordeste.com.br\/?p=123209"},"modified":"2024-10-20T06:00:42","modified_gmt":"2024-10-20T09:00:42","slug":"camara-aprova-participacao-dos-municipios-nos-contratos-de-energia-eletrica","status":"publish","type":"post","link":"https:\/\/iparaiba.com.br\/index.php\/2024\/10\/20\/camara-aprova-participacao-dos-municipios-nos-contratos-de-energia-eletrica\/","title":{"rendered":"C\u00e2mara aprova participa\u00e7\u00e3o dos munic\u00edpios nos contratos de energia el\u00e9trica"},"content":{"rendered":"<p>O Plen\u00e1rio da C\u00e2mara dos Deputados aprovou nesta quinta-feira (17) o <a class=\"linkProposicao\" href=\"https:\/\/www.camara.leg.br\/noticias\/1103887-projeto-preve-participacao-do-poder-local-nos-contratos-de-distribuicao-de-energia-eletrica\">Projeto de Lei 1272\/24<\/a>, que confere participa\u00e7\u00e3o ativa a munic\u00edpios, Distrito Federal e cons\u00f3rcios intermunicipais nas <span id=\"4297\" class=\"termoGlossario\" title=\"\" contenteditable=\"false\" data-toggle=\"tooltip\" data-placement=\"top\" data-original-title=\"Processo utilizado pela administra\u00e7\u00e3o p\u00fablica para adquirir bens e servi\u00e7os de fornecedores privados nas melhores condi\u00e7\u00f5es poss\u00edveis. Pode ser pelo crit\u00e9rio do menor pre\u00e7o, da melhor t\u00e9cnica, ou do menor pre\u00e7o combinado com a melhor t\u00e9cnica. As modalidades de licita\u00e7\u00e3o previstas em lei s\u00e3o carta-convite, tomada de pre\u00e7os, concorr\u00eancia, preg\u00e3o, concurso e leil\u00e3o.\">licita\u00e7\u00f5es<\/span> e no acompanhamento de contratos de distribui\u00e7\u00e3o de energia el\u00e9trica.<\/p>\n<p>O relator, deputado Cleber Verde (MDB-MA), defendeu a aprova\u00e7\u00e3o do texto, que seguir\u00e1 para an\u00e1lise do Senado. \u201cA mudan\u00e7a trar\u00e1 maior efici\u00eancia e responsividade \u00e0 presta\u00e7\u00e3o dos servi\u00e7os de energia el\u00e9trica\u201d, assegurou o relator.<\/p>\n<p>\u201cOs munic\u00edpios e o Distrito Federal poder\u00e3o agir diretamente no planejamento e na resposta aos problemas, evitando assim que situa\u00e7\u00f5es cr\u00edticas, como a falta de energia, persistam sem uma interven\u00e7\u00e3o r\u00e1pida e eficaz\u201d, disse Cleber Verde.<\/p>\n<p>O relator decidiu, ap\u00f3s os debates em Plen\u00e1rio, acatar sugest\u00f5es dos colegas para permitir que os cons\u00f3rcios intermunicipais tamb\u00e9m participem dos contratos de servi\u00e7os de distribui\u00e7\u00e3o de energia el\u00e9trica, nos respectivos territ\u00f3rios.<\/p>\n<p><strong>Mudan\u00e7as previstas<\/strong><br \/>\nO texto em an\u00e1lise na C\u00e2mara dos Deputados altera a <a class=\"linkLegislacao\" href=\"https:\/\/www2.camara.gov.br\/legin\/fed\/lei\/1995\/lei-9074-7-julho-1995-347472-norma-pl.html\">Lei 9.074\/95<\/a>, que trata das outorgas e das prorroga\u00e7\u00f5es das concess\u00f5es e permiss\u00f5es de servi\u00e7os p\u00fablicos, e a <a class=\"linkLegislacao\" href=\"https:\/\/www2.camara.gov.br\/legin\/fed\/lei\/1996\/lei-9427-26-dezembro-1996-366792-norma-pl.html\">Lei 9.427\/96<\/a>, que criou a Ag\u00eancia Nacional de Energia El\u00e9trica (Aneel).<\/p>\n<p>De acordo com o projeto, os munic\u00edpios e o Distrito Federal poder\u00e3o se manifestar na fase das licita\u00e7\u00f5es, buscando o melhor interesse p\u00fablico e local, mantendo essa prerrogativa ativa no curso dos contratos.<\/p>\n<p>A proposta determina ainda que os munic\u00edpios, o Distrito Federal e os cons\u00f3rcios\u00a0 intermunicipais poder\u00e3o atuar em atividades complementares de fiscaliza\u00e7\u00e3o e de controle dos servi\u00e7os, respeitados os contratos e as resolu\u00e7\u00f5es da Aneel.<\/p>\n<p>Os autores da proposta, deputados Baleia Rossi (MDB-SP) e Cezinha de Madureira (PSD-SP), lembraram que, nos \u00faltimos tempos, houve v\u00e1rios exemplos de graves problemas na presta\u00e7\u00e3o dos servi\u00e7os de energia el\u00e9trica.<\/p>\n<p>Eles citaram, por exemplo, o apag\u00e3o em 15 dos 16 munic\u00edpios do Amap\u00e1 em agosto de 2023 e os graves problemas enfrentados recentemente na cidade de S\u00e3o Paulo.<\/p>\n<p>Ag\u00eancia C\u00e2mara de Not\u00edcias<\/p>\n","protected":false},"excerpt":{"rendered":"<p>O Plen\u00e1rio da C\u00e2mara dos Deputados aprovou nesta quinta-feira (17) o Projeto de Lei 1272\/24, que confere participa\u00e7\u00e3o ativa a munic\u00edpios, Distrito Federal e cons\u00f3rcios intermunicipais nas licita\u00e7\u00f5es e no acompanhamento de contratos de distribui\u00e7\u00e3o de energia el\u00e9trica. O relator, deputado Cleber Verde (MDB-MA), defendeu a aprova\u00e7\u00e3o do texto, que seguir\u00e1 para an\u00e1lise do Senado. &hellip;<\/p>\n","protected":false},"author":1,"featured_media":108116,"comment_status":"open","ping_status":"open","sticky":false,"template":"","format":"standard","meta":{"footnotes":""},"categories":[15],"tags":[],"class_list":["post-123209","post","type-post","status-publish","format-standard","has-post-thumbnail","hentry","category-links"],"_links":{"self":[{"href":"https:\/\/iparaiba.com.br\/index.php\/wp-json\/wp\/v2\/posts\/123209","targetHints":{"allow":["GET"]}}],"collection":[{"href":"https:\/\/iparaiba.com.br\/index.php\/wp-json\/wp\/v2\/posts"}],"about":[{"href":"https:\/\/iparaiba.com.br\/index.php\/wp-json\/wp\/v2\/types\/post"}],"author":[{"embeddable":true,"href":"https:\/\/iparaiba.com.br\/index.php\/wp-json\/wp\/v2\/users\/1"}],"replies":[{"embeddable":true,"href":"https:\/\/iparaiba.com.br\/index.php\/wp-json\/wp\/v2\/comments?post=123209"}],"version-history":[{"count":1,"href":"https:\/\/iparaiba.com.br\/index.php\/wp-json\/wp\/v2\/posts\/123209\/revisions"}],"predecessor-version":[{"id":123243,"href":"https:\/\/iparaiba.com.br\/index.php\/wp-json\/wp\/v2\/posts\/123209\/revisions\/123243"}],"wp:featuredmedia":[{"embeddable":true,"href":"https:\/\/iparaiba.com.br\/index.php\/wp-json\/wp\/v2\/media\/108116"}],"wp:attachment":[{"href":"https:\/\/iparaiba.com.br\/index.php\/wp-json\/wp\/v2\/media?parent=123209"}],"wp:term":[{"taxonomy":"category","embeddable":true,"href":"https:\/\/iparaiba.com.br\/index.php\/wp-json\/wp\/v2\/categories?post=123209"},{"taxonomy":"post_tag","embeddable":true,"href":"https:\/\/iparaiba.com.br\/index.php\/wp-json\/wp\/v2\/tags?post=123209"}],"curies":[{"name":"wp","href":"https:\/\/api.w.org\/{rel}","templated":true}]}}