{"id":123207,"date":"2024-10-19T18:00:52","date_gmt":"2024-10-19T21:00:52","guid":{"rendered":"https:\/\/onordeste.com.br\/?p=123207"},"modified":"2024-10-19T18:00:52","modified_gmt":"2024-10-19T21:00:52","slug":"stf-suspende-julgamento-sobre-limites-para-quebra-de-sigilo","status":"publish","type":"post","link":"https:\/\/iparaiba.com.br\/index.php\/2024\/10\/19\/stf-suspende-julgamento-sobre-limites-para-quebra-de-sigilo\/","title":{"rendered":"STF suspende julgamento sobre limites para quebra de sigilo"},"content":{"rendered":"<p>O Plen\u00e1rio do Supremo Tribunal Federal (STF) retomou nesta quarta-feira (16) o julgamento que deve definir limites para a quebra de sigilo do hist\u00f3rico de buscas de usu\u00e1rios na internet. Ap\u00f3s os votos dos ministros Alexandre de Moraes e Cristiano Zanin, o ministro Andr\u00e9 Mendon\u00e7a pediu vista (mais tempo de an\u00e1lise), suspendendo o debate.<\/p>\n<p>O caso concreto envolve recurso do Google contra decis\u00e3o do Superior Tribunal de Justi\u00e7a que manteve autoriza\u00e7\u00e3o para quebra de sigilo de todas as pessoas que fizeram pesquisas relacionadas \u00e0 ent\u00e3o vereadora Marielle Franco e sua agenda nos quatro dias anteriores ao seu assassinato, em 14 de mar\u00e7o de 2018.<\/p>\n<p>A decis\u00e3o determina a identifica\u00e7\u00e3o dos IPs (informa\u00e7\u00e3o utilizada para identificar usu\u00e1rios na internet) que tenham realizado a busca entre 10 e 14 de mar\u00e7o de 2018 com termos como \u201cMarielle Franco\u201d, \u201cvereadora Marielle\u201d, \u201cagenda vereadora Marielle\u201d, \u201cCasa das Pretas\u201d, \u201cRua dos Inv\u00e1lidos, 122\u201d ou \u201cRua dos Inv\u00e1lidos\u201d \u2013 local onde a vereadora esteve antes de ser morta.<\/p>\n<p>O Google alega que a quebra de sigilo nesses termos poderia atingir pessoas que n\u00e3o s\u00e3o investigadas no caso Marielle, violando sua privacidade e sua intimidade.<\/p>\n<p>O tema \u00e9 discutido no Recurso Extraordin\u00e1rio\u00a0<strong><a href=\"https:\/\/portal.stf.jus.br\/processos\/detalhe.asp?incidente=6059876\" target=\"_blank\" rel=\"noreferrer noopener\" data-type=\"URL\" data-id=\"https:\/\/portal.stf.jus.br\/processos\/detalhe.asp?incidente=6059876\">(RE) 1301250<\/a><\/strong>, e a decis\u00e3o tem repercuss\u00e3o geral (Tema 1.148), ou seja, dever\u00e1 ser seguida pelos demais tribunais do pa\u00eds.<\/p>\n<p>STF<\/p>\n","protected":false},"excerpt":{"rendered":"<p>O Plen\u00e1rio do Supremo Tribunal Federal (STF) retomou nesta quarta-feira (16) o julgamento que deve definir limites para a quebra de sigilo do hist\u00f3rico de buscas de usu\u00e1rios na internet. Ap\u00f3s os votos dos ministros Alexandre de Moraes e Cristiano Zanin, o ministro Andr\u00e9 Mendon\u00e7a pediu vista (mais tempo de an\u00e1lise), suspendendo o debate. O &hellip;<\/p>\n","protected":false},"author":1,"featured_media":98199,"comment_status":"open","ping_status":"open","sticky":false,"template":"","format":"standard","meta":{"footnotes":""},"categories":[9],"tags":[],"class_list":["post-123207","post","type-post","status-publish","format-standard","has-post-thumbnail","hentry","category-justica"],"_links":{"self":[{"href":"https:\/\/iparaiba.com.br\/index.php\/wp-json\/wp\/v2\/posts\/123207","targetHints":{"allow":["GET"]}}],"collection":[{"href":"https:\/\/iparaiba.com.br\/index.php\/wp-json\/wp\/v2\/posts"}],"about":[{"href":"https:\/\/iparaiba.com.br\/index.php\/wp-json\/wp\/v2\/types\/post"}],"author":[{"embeddable":true,"href":"https:\/\/iparaiba.com.br\/index.php\/wp-json\/wp\/v2\/users\/1"}],"replies":[{"embeddable":true,"href":"https:\/\/iparaiba.com.br\/index.php\/wp-json\/wp\/v2\/comments?post=123207"}],"version-history":[{"count":1,"href":"https:\/\/iparaiba.com.br\/index.php\/wp-json\/wp\/v2\/posts\/123207\/revisions"}],"predecessor-version":[{"id":123242,"href":"https:\/\/iparaiba.com.br\/index.php\/wp-json\/wp\/v2\/posts\/123207\/revisions\/123242"}],"wp:featuredmedia":[{"embeddable":true,"href":"https:\/\/iparaiba.com.br\/index.php\/wp-json\/wp\/v2\/media\/98199"}],"wp:attachment":[{"href":"https:\/\/iparaiba.com.br\/index.php\/wp-json\/wp\/v2\/media?parent=123207"}],"wp:term":[{"taxonomy":"category","embeddable":true,"href":"https:\/\/iparaiba.com.br\/index.php\/wp-json\/wp\/v2\/categories?post=123207"},{"taxonomy":"post_tag","embeddable":true,"href":"https:\/\/iparaiba.com.br\/index.php\/wp-json\/wp\/v2\/tags?post=123207"}],"curies":[{"name":"wp","href":"https:\/\/api.w.org\/{rel}","templated":true}]}}