{"id":123205,"date":"2024-10-19T15:00:25","date_gmt":"2024-10-19T18:00:25","guid":{"rendered":"https:\/\/onordeste.com.br\/?p=123205"},"modified":"2024-10-19T15:00:25","modified_gmt":"2024-10-19T18:00:25","slug":"stf-suspende-regra-que-igualava-criterios-de-aposentadoria-para-policiais-civis-homens-e-mulheres","status":"publish","type":"post","link":"https:\/\/iparaiba.com.br\/index.php\/2024\/10\/19\/stf-suspende-regra-que-igualava-criterios-de-aposentadoria-para-policiais-civis-homens-e-mulheres\/","title":{"rendered":"STF suspende regra que igualava crit\u00e9rios de aposentadoria para policiais civis homens e mulheres"},"content":{"rendered":"<p>O ministro Fl\u00e1vio Dino, do Supremo Tribunal Federal (STF), suspendeu regra da Reforma da Previd\u00eancia de 2019 que iguala os crit\u00e9rios de idade m\u00ednima, tempo de contribui\u00e7\u00e3o e tempo de carreira policial para fins de aposentadoria de homens e mulheres policiais civis e federais. A liminar (decis\u00e3o urgente e provis\u00f3ria) foi concedida na A\u00e7\u00e3o Direta de Inconstitucionalidade\u00a0<strong><a href=\"https:\/\/portal.stf.jus.br\/processos\/detalhe.asp?incidente=7053297\" target=\"_blank\" rel=\"noreferrer noopener\" data-type=\"URL\" data-id=\"https:\/\/portal.stf.jus.br\/processos\/detalhe.asp?incidente=7053297\">(ADI) 7727\u00a0<\/a><\/strong>e ser\u00e1 levada a referendo do Plen\u00e1rio.<\/p>\n<p>A a\u00e7\u00e3o foi apresentada pela Associa\u00e7\u00e3o dos Delegados de Pol\u00edcia do Brasil (Adepol do Brasil) contra a express\u00e3o \u201cpara ambos os sexos\u201d para a aposentadoria na carreira policial, introduzida pela Emenda Constitucional 103\/2029. A regra estabelece que homens e mulheres dever\u00e3o ter idade m\u00ednima de 55 anos e, na f\u00f3rmula idade e contribui\u00e7\u00e3o, 55 anos de idade, 30 anos de contribui\u00e7\u00e3o e 25 anos de efetivo exerc\u00edcio em cargo policial.<\/p>\n<h5 class=\"wp-block-heading\"><strong>Prote\u00e7\u00e3o da mulher<\/strong><\/h5>\n<p>Para Fl\u00e1vio Dino, ao n\u00e3o assegurar \u00e0s mulheres policiais o redutor de tempo em rela\u00e7\u00e3o aos homens, a EC 103\/2019 rompe um modelo vigente desde a reda\u00e7\u00e3o original da Constitui\u00e7\u00e3o Federal de 1988, que prev\u00ea requisitos diferenciados para aposentadoria no servi\u00e7o p\u00fablico, voltados \u00e0 concretiza\u00e7\u00e3o da igualdade de g\u00eanero. Ele destacou que o entendimento consolidado do STF \u00e9 de que a Constitui\u00e7\u00e3o Federal chancela a ado\u00e7\u00e3o de medidas voltadas \u00e0 prote\u00e7\u00e3o das mulheres no mercado de trabalho.<\/p>\n<p>Dino lembrou, ainda, que a pr\u00f3pria emenda respeitou a diferencia\u00e7\u00e3o de g\u00eanero para fins de aposentadoria dos servidores p\u00fablicos em geral, mas, nesse caso, a formata\u00e7\u00e3o constitucional mais protetora \u00e0s mulheres deixou de ser assegurada \u00e0s policiais civis e federais.<\/p>\n<p>A decis\u00e3o determina que o Congresso Nacional edite nova norma afastando a inconstitucionalidade. At\u00e9 que ela seja aprovada, deve ser aplicada a regra geral de tr\u00eas anos de redu\u00e7\u00e3o para todos os prazos que se refiram a mulheres policiais civis e federais.<\/p>\n<p>Veja a\u00a0<strong><a href=\"https:\/\/portal.stf.jus.br\/processos\/downloadPeca.asp?id=15371141570&amp;ext=.pdf\" target=\"_blank\" rel=\"noreferrer noopener\" data-type=\"URL\" data-id=\"https:\/\/portal.stf.jus.br\/processos\/downloadPeca.asp?id=15371141570&amp;ext=.pdf\">\u00edntegra da decis\u00e3o<\/a><\/strong>.<\/p>\n<p>STF<\/p>\n","protected":false},"excerpt":{"rendered":"<p>O ministro Fl\u00e1vio Dino, do Supremo Tribunal Federal (STF), suspendeu regra da Reforma da Previd\u00eancia de 2019 que iguala os crit\u00e9rios de idade m\u00ednima, tempo de contribui\u00e7\u00e3o e tempo de carreira policial para fins de aposentadoria de homens e mulheres policiais civis e federais. A liminar (decis\u00e3o urgente e provis\u00f3ria) foi concedida na A\u00e7\u00e3o Direta &hellip;<\/p>\n","protected":false},"author":1,"featured_media":107952,"comment_status":"open","ping_status":"open","sticky":false,"template":"","format":"standard","meta":{"footnotes":""},"categories":[9],"tags":[],"class_list":["post-123205","post","type-post","status-publish","format-standard","has-post-thumbnail","hentry","category-justica"],"_links":{"self":[{"href":"https:\/\/iparaiba.com.br\/index.php\/wp-json\/wp\/v2\/posts\/123205","targetHints":{"allow":["GET"]}}],"collection":[{"href":"https:\/\/iparaiba.com.br\/index.php\/wp-json\/wp\/v2\/posts"}],"about":[{"href":"https:\/\/iparaiba.com.br\/index.php\/wp-json\/wp\/v2\/types\/post"}],"author":[{"embeddable":true,"href":"https:\/\/iparaiba.com.br\/index.php\/wp-json\/wp\/v2\/users\/1"}],"replies":[{"embeddable":true,"href":"https:\/\/iparaiba.com.br\/index.php\/wp-json\/wp\/v2\/comments?post=123205"}],"version-history":[{"count":1,"href":"https:\/\/iparaiba.com.br\/index.php\/wp-json\/wp\/v2\/posts\/123205\/revisions"}],"predecessor-version":[{"id":123241,"href":"https:\/\/iparaiba.com.br\/index.php\/wp-json\/wp\/v2\/posts\/123205\/revisions\/123241"}],"wp:featuredmedia":[{"embeddable":true,"href":"https:\/\/iparaiba.com.br\/index.php\/wp-json\/wp\/v2\/media\/107952"}],"wp:attachment":[{"href":"https:\/\/iparaiba.com.br\/index.php\/wp-json\/wp\/v2\/media?parent=123205"}],"wp:term":[{"taxonomy":"category","embeddable":true,"href":"https:\/\/iparaiba.com.br\/index.php\/wp-json\/wp\/v2\/categories?post=123205"},{"taxonomy":"post_tag","embeddable":true,"href":"https:\/\/iparaiba.com.br\/index.php\/wp-json\/wp\/v2\/tags?post=123205"}],"curies":[{"name":"wp","href":"https:\/\/api.w.org\/{rel}","templated":true}]}}