{"id":123201,"date":"2024-10-19T12:00:55","date_gmt":"2024-10-19T15:00:55","guid":{"rendered":"https:\/\/onordeste.com.br\/?p=123201"},"modified":"2024-10-19T12:00:55","modified_gmt":"2024-10-19T15:00:55","slug":"quem-nao-votou-no-1o-turno-pode-votar-no-2o-turno-das-eleicoes","status":"publish","type":"post","link":"https:\/\/iparaiba.com.br\/index.php\/2024\/10\/19\/quem-nao-votou-no-1o-turno-pode-votar-no-2o-turno-das-eleicoes\/","title":{"rendered":"Quem n\u00e3o votou no 1\u00ba turno pode votar no 2\u00ba turno das elei\u00e7\u00f5es"},"content":{"rendered":"<p>Os eleitores aptos que n\u00e3o votaram no 1\u00b0 turno das Elei\u00e7\u00f5es Municipais de 2024, ocorrido em 6 de outubro, podem e devem participar do 2\u00ba turno do pleito.<\/p>\n<p>A Justi\u00e7a Eleitoral considera cada turno de vota\u00e7\u00e3o uma elei\u00e7\u00e3o independente para efeito de comparecimento da eleitora ou do eleitor \u00e0 urna eletr\u00f4nica.\u00a0Ou seja: a aus\u00eancia de comparecimento ao 1\u00ba turno n\u00e3o impede os eleitores aptos de exercer o direito de\u00a0voto em uma eventual segunda etapa de vota\u00e7\u00e3o.<\/p>\n<p><a href=\"https:\/\/www.tse.jus.br\/comunicacao\/noticias\/2024\/Outubro\/15-capitais-terao-2o-turno-na-disputa-pelo-cargo-de-prefeito\">No dia 27 de outubro, data do 2\u00b0 turno, eleitoras e eleitores de 51 munic\u00edpios (sendo 15 capitais) voltam \u00e0s urnas eletr\u00f4nicas<\/a>\u00a0para escolher quem ocupar\u00e1 os cargos de prefeito e de vice-prefeito das localidades de 2025 a 2028.<\/p>\n<h3 id=\"titulo-0\">O voto no Brasil<\/h3>\n<p>No Brasil, o alistamento eleitoral e o voto s\u00e3o obrigat\u00f3rios para os maiores de 18 anos e facultativos\u00a0para os jovens de 16 e 17 anos, para os maiores de 70 anos e para as pessoas analfabetas.<\/p>\n<h3 id=\"titulo-1\">Quais s\u00e3o as formas de justificar a aus\u00eancia?<\/h3>\n<p>Quem n\u00e3o votou no 1\u00ba turno das Elei\u00e7\u00f5es Municipais de 2024 nem p\u00f4de justificar a aus\u00eancia \u00e0s urnas no dia da vota\u00e7\u00e3o tem at\u00e9 o dia 5 de dezembro para apresentar a justificativa.<\/p>\n<p>O procedimento pode ser feito pelo aplicativo\u00a0<a href=\"https:\/\/www.tse.jus.br\/servicos-eleitorais\/servicos\/aplicativo-e-titulo\/aplicativo-e-titulo\"><b>e-T\u00edtulo<\/b><\/a>, pelo\u00a0<a href=\"https:\/\/justifica.tse.jus.br\/\"><b>Sistema Justifica<\/b><\/a>\u00a0ou pelo\u00a0<a href=\"https:\/\/www.tse.jus.br\/servicos-eleitorais\/autoatendimento-eleitoral#\/justifica-tn3\/home\"><b>Autoatendimento Eleitoral<\/b><\/a>, dispon\u00edvel nos Portais da Justi\u00e7a Eleitoral.<\/p>\n<p>Com a solicita\u00e7\u00e3o, \u00e9 necess\u00e1rio anexar, obrigatoriamente, documentos que comprovem a impossibilidade do exerc\u00edcio do voto, tais como bilhetes de passagens, cart\u00f5es de embarque, atestado m\u00e9dico, entre outros.<\/p>\n<p>Se a eleitora ou o eleitor n\u00e3o tiver acesso \u00e0s ferramentas de justificativa on-line, dever\u00e1 comparecer a qualquer cart\u00f3rio eleitoral ou \u00e0 Central de Atendimento ao Eleitor de seu estado para apresentar o requerimento de forma presencial, com os mesmos documentos mencionados acima.<\/p>\n<p>TSE<\/p>\n","protected":false},"excerpt":{"rendered":"<p>Os eleitores aptos que n\u00e3o votaram no 1\u00b0 turno das Elei\u00e7\u00f5es Municipais de 2024, ocorrido em 6 de outubro, podem e devem participar do 2\u00ba turno do pleito. A Justi\u00e7a Eleitoral considera cada turno de vota\u00e7\u00e3o uma elei\u00e7\u00e3o independente para efeito de comparecimento da eleitora ou do eleitor \u00e0 urna eletr\u00f4nica.\u00a0Ou seja: a aus\u00eancia de &hellip;<\/p>\n","protected":false},"author":1,"featured_media":107891,"comment_status":"open","ping_status":"open","sticky":false,"template":"","format":"standard","meta":{"footnotes":""},"categories":[6],"tags":[],"class_list":["post-123201","post","type-post","status-publish","format-standard","has-post-thumbnail","hentry","category-destaques"],"_links":{"self":[{"href":"https:\/\/iparaiba.com.br\/index.php\/wp-json\/wp\/v2\/posts\/123201","targetHints":{"allow":["GET"]}}],"collection":[{"href":"https:\/\/iparaiba.com.br\/index.php\/wp-json\/wp\/v2\/posts"}],"about":[{"href":"https:\/\/iparaiba.com.br\/index.php\/wp-json\/wp\/v2\/types\/post"}],"author":[{"embeddable":true,"href":"https:\/\/iparaiba.com.br\/index.php\/wp-json\/wp\/v2\/users\/1"}],"replies":[{"embeddable":true,"href":"https:\/\/iparaiba.com.br\/index.php\/wp-json\/wp\/v2\/comments?post=123201"}],"version-history":[{"count":1,"href":"https:\/\/iparaiba.com.br\/index.php\/wp-json\/wp\/v2\/posts\/123201\/revisions"}],"predecessor-version":[{"id":123239,"href":"https:\/\/iparaiba.com.br\/index.php\/wp-json\/wp\/v2\/posts\/123201\/revisions\/123239"}],"wp:featuredmedia":[{"embeddable":true,"href":"https:\/\/iparaiba.com.br\/index.php\/wp-json\/wp\/v2\/media\/107891"}],"wp:attachment":[{"href":"https:\/\/iparaiba.com.br\/index.php\/wp-json\/wp\/v2\/media?parent=123201"}],"wp:term":[{"taxonomy":"category","embeddable":true,"href":"https:\/\/iparaiba.com.br\/index.php\/wp-json\/wp\/v2\/categories?post=123201"},{"taxonomy":"post_tag","embeddable":true,"href":"https:\/\/iparaiba.com.br\/index.php\/wp-json\/wp\/v2\/tags?post=123201"}],"curies":[{"name":"wp","href":"https:\/\/api.w.org\/{rel}","templated":true}]}}