{"id":123197,"date":"2024-10-19T06:00:24","date_gmt":"2024-10-19T09:00:24","guid":{"rendered":"https:\/\/onordeste.com.br\/?p=123194"},"modified":"2024-10-19T06:00:24","modified_gmt":"2024-10-19T09:00:24","slug":"ccj-aprova-municipalizacao-de-escolas-estaduais","status":"publish","type":"post","link":"https:\/\/iparaiba.com.br\/index.php\/2024\/10\/19\/ccj-aprova-municipalizacao-de-escolas-estaduais\/","title":{"rendered":"CCJ aprova municipaliza\u00e7\u00e3o de escolas estaduais"},"content":{"rendered":"<p style=\"font-weight: 400;\">A Comiss\u00e3o de Constitui\u00e7\u00e3o, Justi\u00e7a, Reda\u00e7\u00e3o e Legisla\u00e7\u00e3o Participativa (CCJ) da C\u00e2mara Municipal de Jo\u00e3o Pessoa (CMJP) foi favor\u00e1vel \u00e0 municipaliza\u00e7\u00e3o de escolas estaduais, cria\u00e7\u00e3o de novas unidades e denomina\u00e7\u00e3o de outras. Ao todo, o colegiado acatou 11 Projetos de Lei Ordin\u00e1ria (PLO) e quatro Projetos de Decreto Legislativo (PDL). Outros dois PLOs receberam parecer contr\u00e1rio e uma Medida Provis\u00f3ria (MP) foi retirada de pauta.<\/p>\n<p style=\"font-weight: 400;\">O PLO , de autoria do Executivo Municipal, acatado, institui e denomina escolas p\u00fablicas municipalizadas no exerc\u00edcio de 2024, nos termos do Decreto Estadual n\u00ba 44.776, de 15 de fevereiro de 2024, bem como institui novas unidades escolares criadas pela Prefeitura e altera a denomina\u00e7\u00e3o de outra unidade. Oito escolas p\u00fablicas integrantes da estrutura administrativa do Estado da Para\u00edba tiveram sua gest\u00e3o transferida ao ente municipal, visando \u00e0 concretiza\u00e7\u00e3o dos objetivos delineados no artigo 30, VI, e no \u00a7 2\u00ba do artigo 211 da Constitui\u00e7\u00e3o Federal. Tr\u00eas outras unidades foram criadas pela Prefeitura, outra recebeu nova denomina\u00e7\u00e3o.<\/p>\n<p style=\"font-weight: 400;\"><a href=\"https:\/\/sapl.joaopessoa.pb.leg.br\/materia\/pesquisar-materia?tipo=1&amp;ementa=&amp;numero=2268&amp;numeracao__numero_materia=&amp;numero_protocolo=&amp;ano=2024&amp;autoria__autor=&amp;autoria__primeiro_autor=unknown&amp;autoria__autor__tipo=&amp;autoria__autor__parlamentar_set__filiacao__pa\" data-saferedirecturl=\"https:\/\/www.google.com\/url?q=https:\/\/sapl.joaopessoa.pb.leg.br\/materia\/pesquisar-materia?tipo%3D1%26ementa%3D%26numero%3D2268%26numeracao__numero_materia%3D%26numero_protocolo%3D%26ano%3D2024%26autoria__autor%3D%26autoria__primeiro_autor%3Dunknown%26autoria__autor__tipo%3D%26autoria__autor__parlamentar_set__filiacao__pa&amp;source=gmail&amp;ust=1729340543259000&amp;usg=AOvVaw2J-zpzTY1SLkBH5kq-2e9W\">2268\/2024<\/a><\/p>\n<p style=\"font-weight: 400;\">Outros tr\u00eas PLOs do Executivo Municipal foram acatados, desta feita com realoca\u00e7\u00f5es or\u00e7ament\u00e1rias. O PLO autoriza realoca\u00e7\u00e3o no valor global de R$ 7,33 milh\u00f5es destinados \u00e0 Secretaria Municipal de Sa\u00fade\/Fundo Municipal de Sa\u00fade e \u00e0 Secretaria de Direitos Humanos e Cidadania\/Fundo Municipal de Assist\u00eancia Social; O PLO , com realoca\u00e7\u00e3o de dota\u00e7\u00e3o or\u00e7ament\u00e1ria no valor de R$ 150 mil destinados \u00e0 Secretaria Municipal de Ci\u00eancia e Tecnologia. O PLO autoriza\u00e7\u00e3o realoca\u00e7\u00e3o no valor de R$ 1.391.852,00 destinados \u00e0 Secretaria da Administra\u00e7\u00e3o.<\/p>\n<p style=\"font-weight: 400;\"><a href=\"https:\/\/sapl.joaopessoa.pb.leg.br\/materia\/pesquisar-materia?tipo=1&amp;ementa=&amp;numero=2209&amp;numeracao__numero_materia=&amp;numero_protocolo=&amp;ano=2024&amp;autoria__autor=&amp;autoria__primeiro_autor=unknown&amp;autoria__autor__tipo=&amp;autoria__autor__parlamentar_set__filiacao__pa\" data-saferedirecturl=\"https:\/\/www.google.com\/url?q=https:\/\/sapl.joaopessoa.pb.leg.br\/materia\/pesquisar-materia?tipo%3D1%26ementa%3D%26numero%3D2209%26numeracao__numero_materia%3D%26numero_protocolo%3D%26ano%3D2024%26autoria__autor%3D%26autoria__primeiro_autor%3Dunknown%26autoria__autor__tipo%3D%26autoria__autor__parlamentar_set__filiacao__pa&amp;source=gmail&amp;ust=1729340543259000&amp;usg=AOvVaw3uTaYlqB8ZO9PWF6EvW1rz\">2209\/2024<\/a><a href=\"https:\/\/sapl.joaopessoa.pb.leg.br\/materia\/pesquisar-materia?tipo=1&amp;ementa=&amp;numero=2254&amp;numeracao__numero_materia=&amp;numero_protocolo=&amp;ano=2024&amp;autoria__autor=&amp;autoria__primeiro_autor=unknown&amp;autoria__autor__tipo=&amp;autoria__autor__parlamentar_set__filiacao__pa\" data-saferedirecturl=\"https:\/\/www.google.com\/url?q=https:\/\/sapl.joaopessoa.pb.leg.br\/materia\/pesquisar-materia?tipo%3D1%26ementa%3D%26numero%3D2254%26numeracao__numero_materia%3D%26numero_protocolo%3D%26ano%3D2024%26autoria__autor%3D%26autoria__primeiro_autor%3Dunknown%26autoria__autor__tipo%3D%26autoria__autor__parlamentar_set__filiacao__pa&amp;source=gmail&amp;ust=1729340543259000&amp;usg=AOvVaw2U4nMBS3WVNmk1LkO1Jz-y\">2254\/2024<\/a><a href=\"https:\/\/sapl.joaopessoa.pb.leg.br\/materia\/pesquisar-materia?tipo=1&amp;ementa=&amp;numero=2270&amp;numeracao__numero_materia=&amp;numero_protocolo=&amp;ano=2024&amp;autoria__autor=&amp;autoria__primeiro_autor=unknown&amp;autoria__autor__tipo=&amp;autoria__autor__parlamentar_set__filiacao__pa\" data-saferedirecturl=\"https:\/\/www.google.com\/url?q=https:\/\/sapl.joaopessoa.pb.leg.br\/materia\/pesquisar-materia?tipo%3D1%26ementa%3D%26numero%3D2270%26numeracao__numero_materia%3D%26numero_protocolo%3D%26ano%3D2024%26autoria__autor%3D%26autoria__primeiro_autor%3Dunknown%26autoria__autor__tipo%3D%26autoria__autor__parlamentar_set__filiacao__pa&amp;source=gmail&amp;ust=1729340543259000&amp;usg=AOvVaw2c9WrQlDGNWiQa_ZvH-vo1\">2070\/2024<\/a><\/p>\n<p style=\"font-weight: 400;\">Entre os projetos de autoria dos vereadores foi destaque o PLO , de Bruno Farias (Avante), determinando que Pessoas com Transtorno do Espectro Autista (TEA) e com S\u00edndrome de Down, e seus respectivos acompanhantes, tenham atendimento priorit\u00e1rio em filas, em institui\u00e7\u00f5es p\u00fablicas ou privadas, no munic\u00edpio de Jo\u00e3o Pessoa. Outros seis PLOs dos vereadores com denomina\u00e7\u00f5es de art\u00e9rias p\u00fablicas da Capital paraibana ainda sem nome receberam parecer favor\u00e1vel.<\/p>\n<p style=\"font-weight: 400;\"><a href=\"https:\/\/sapl.joaopessoa.pb.leg.br\/materia\/pesquisar-materia?tipo=1&amp;ementa=&amp;numero=2212&amp;numeracao__numero_materia=&amp;numero_protocolo=&amp;ano=2024&amp;autoria__autor=&amp;autoria__primeiro_autor=unknown&amp;autoria__autor__tipo=&amp;autoria__autor__parlamentar_set__filiacao__pa\" data-saferedirecturl=\"https:\/\/www.google.com\/url?q=https:\/\/sapl.joaopessoa.pb.leg.br\/materia\/pesquisar-materia?tipo%3D1%26ementa%3D%26numero%3D2212%26numeracao__numero_materia%3D%26numero_protocolo%3D%26ano%3D2024%26autoria__autor%3D%26autoria__primeiro_autor%3Dunknown%26autoria__autor__tipo%3D%26autoria__autor__parlamentar_set__filiacao__pa&amp;source=gmail&amp;ust=1729340543259000&amp;usg=AOvVaw0Zi21vn9CFLBJtFMXlelKr\">2212\/2024<\/a> ao jornalista, poeta e professor de hist\u00f3ria M\u00e1rio H\u00e9lio Gomes de Lima; e o P<\/p>\n<p style=\"font-weight: 400;\">Ainda receberam pareceres favor\u00e1veis quatro Projetos de Decreto Legislativo (PDL). Dentre eles, tr\u00eas concedem o T\u00edtulo de Cidad\u00e3o Pessoense: o PDL\u00a0<a href=\"https:\/\/sapl.joaopessoa.pb.leg.br\/materia\/pesquisar-materia?tipo=6&amp;ementa=&amp;numero=262&amp;numeracao__numero_materia=&amp;numero_protocolo=&amp;ano=2024&amp;autoria__autor=&amp;autoria__primeiro_autor=unknown&amp;autoria__autor__tipo=&amp;autoria__autor__parlamentar_set__filiacao__par\" data-saferedirecturl=\"https:\/\/www.google.com\/url?q=https:\/\/sapl.joaopessoa.pb.leg.br\/materia\/pesquisar-materia?tipo%3D6%26ementa%3D%26numero%3D262%26numeracao__numero_materia%3D%26numero_protocolo%3D%26ano%3D2024%26autoria__autor%3D%26autoria__primeiro_autor%3Dunknown%26autoria__autor__tipo%3D%26autoria__autor__parlamentar_set__filiacao__par&amp;source=gmail&amp;ust=1729340543259000&amp;usg=AOvVaw3LxZTVIGfOmwRSvG1MJnLG\">262\/2024<\/a>, de Dam\u00e1sio Franca (PP), ao empres\u00e1rio Renato Guimar\u00e3es Almeida; o PDL\u00a0<a href=\"https:\/\/sapl.joaopessoa.pb.leg.br\/materia\/pesquisar-materia?tipo=6&amp;ementa=&amp;numero=284&amp;numeracao__numero_materia=&amp;numero_protocolo=&amp;ano=2024&amp;autoria__autor=&amp;autoria__primeiro_autor=unknown&amp;autoria__autor__tipo=&amp;autoria__autor__parlamentar_set__filiacao__par\" data-saferedirecturl=\"https:\/\/www.google.com\/url?q=https:\/\/sapl.joaopessoa.pb.leg.br\/materia\/pesquisar-materia?tipo%3D6%26ementa%3D%26numero%3D284%26numeracao__numero_materia%3D%26numero_protocolo%3D%26ano%3D2024%26autoria__autor%3D%26autoria__primeiro_autor%3Dunknown%26autoria__autor__tipo%3D%26autoria__autor__parlamentar_set__filiacao__par&amp;source=gmail&amp;ust=1729340543259000&amp;usg=AOvVaw2qs8A1DGerhVkfcC80AUJF\">284\/2024<\/a>, de Milanez Neto (MDB),<\/p>\n<p><span style=\"font-weight: 400;\">DL , de Bruno Farias, ao Presidente do Superior Tribunal de Justi\u00e7a Desportiva (STJD), Lu\u00eds Ot\u00e1vio Ver\u00edssimo Teixeira. J\u00e1 o PDL , de Carl\u00e3o, concede a Medalha de S\u00e3o Bento \u00e0 Renova\u00e7\u00e3o Carism\u00e1tica Cat\u00f3lica da Arquidiocese da Para\u00edba.<\/span><\/p>\n<p><a href=\"https:\/\/sapl.joaopessoa.pb.leg.br\/materia\/pesquisar-materia?tipo=6&amp;ementa=&amp;numero=288&amp;numeracao__numero_materia=&amp;numero_protocolo=&amp;ano=2024&amp;autoria__autor=&amp;autoria__primeiro_autor=unknown&amp;autoria__autor__tipo=&amp;autoria__autor__parlamentar_set__filiacao__par\" data-saferedirecturl=\"https:\/\/www.google.com\/url?q=https:\/\/sapl.joaopessoa.pb.leg.br\/materia\/pesquisar-materia?tipo%3D6%26ementa%3D%26numero%3D288%26numeracao__numero_materia%3D%26numero_protocolo%3D%26ano%3D2024%26autoria__autor%3D%26autoria__primeiro_autor%3Dunknown%26autoria__autor__tipo%3D%26autoria__autor__parlamentar_set__filiacao__par&amp;source=gmail&amp;ust=1729340543259000&amp;usg=AOvVaw3hbXPuB27VhOnrPWOTUFVb\">288\/2024<\/a><a href=\"https:\/\/sapl.joaopessoa.pb.leg.br\/materia\/pesquisar-materia?tipo=6&amp;ementa=&amp;numero=280&amp;numeracao__numero_materia=&amp;numero_protocolo=&amp;ano=2024&amp;autoria__autor=&amp;autoria__primeiro_autor=unknown&amp;autoria__autor__tipo=&amp;autoria__autor__parlamentar_set__filiacao__par\" data-saferedirecturl=\"https:\/\/www.google.com\/url?q=https:\/\/sapl.joaopessoa.pb.leg.br\/materia\/pesquisar-materia?tipo%3D6%26ementa%3D%26numero%3D280%26numeracao__numero_materia%3D%26numero_protocolo%3D%26ano%3D2024%26autoria__autor%3D%26autoria__primeiro_autor%3Dunknown%26autoria__autor__tipo%3D%26autoria__autor__parlamentar_set__filiacao__par&amp;source=gmail&amp;ust=1729340543259000&amp;usg=AOvVaw2rw9Je9vwtHm3fex3OYESB\">280\/2024<\/a><\/p>\n<p>CMJP<\/p>\n","protected":false},"excerpt":{"rendered":"<p>A Comiss\u00e3o de Constitui\u00e7\u00e3o, Justi\u00e7a, Reda\u00e7\u00e3o e Legisla\u00e7\u00e3o Participativa (CCJ) da C\u00e2mara Municipal de Jo\u00e3o Pessoa (CMJP) foi favor\u00e1vel \u00e0 municipaliza\u00e7\u00e3o de escolas estaduais, cria\u00e7\u00e3o de novas unidades e denomina\u00e7\u00e3o de outras. Ao todo, o colegiado acatou 11 Projetos de Lei Ordin\u00e1ria (PLO) e quatro Projetos de Decreto Legislativo (PDL). Outros dois PLOs receberam parecer &hellip;<\/p>\n","protected":false},"author":1,"featured_media":109083,"comment_status":"open","ping_status":"open","sticky":false,"template":"","format":"standard","meta":{"footnotes":""},"categories":[11],"tags":[],"class_list":["post-123197","post","type-post","status-publish","format-standard","has-post-thumbnail","hentry","category-educacao"],"_links":{"self":[{"href":"https:\/\/iparaiba.com.br\/index.php\/wp-json\/wp\/v2\/posts\/123197","targetHints":{"allow":["GET"]}}],"collection":[{"href":"https:\/\/iparaiba.com.br\/index.php\/wp-json\/wp\/v2\/posts"}],"about":[{"href":"https:\/\/iparaiba.com.br\/index.php\/wp-json\/wp\/v2\/types\/post"}],"author":[{"embeddable":true,"href":"https:\/\/iparaiba.com.br\/index.php\/wp-json\/wp\/v2\/users\/1"}],"replies":[{"embeddable":true,"href":"https:\/\/iparaiba.com.br\/index.php\/wp-json\/wp\/v2\/comments?post=123197"}],"version-history":[{"count":1,"href":"https:\/\/iparaiba.com.br\/index.php\/wp-json\/wp\/v2\/posts\/123197\/revisions"}],"predecessor-version":[{"id":123236,"href":"https:\/\/iparaiba.com.br\/index.php\/wp-json\/wp\/v2\/posts\/123197\/revisions\/123236"}],"wp:featuredmedia":[{"embeddable":true,"href":"https:\/\/iparaiba.com.br\/index.php\/wp-json\/wp\/v2\/media\/109083"}],"wp:attachment":[{"href":"https:\/\/iparaiba.com.br\/index.php\/wp-json\/wp\/v2\/media?parent=123197"}],"wp:term":[{"taxonomy":"category","embeddable":true,"href":"https:\/\/iparaiba.com.br\/index.php\/wp-json\/wp\/v2\/categories?post=123197"},{"taxonomy":"post_tag","embeddable":true,"href":"https:\/\/iparaiba.com.br\/index.php\/wp-json\/wp\/v2\/tags?post=123197"}],"curies":[{"name":"wp","href":"https:\/\/api.w.org\/{rel}","templated":true}]}}