{"id":123194,"date":"2024-10-18T15:00:17","date_gmt":"2024-10-18T18:00:17","guid":{"rendered":"https:\/\/onordeste.com.br\/?p=123188"},"modified":"2024-10-18T15:00:17","modified_gmt":"2024-10-18T18:00:17","slug":"alpb-aprova-projeto-que-equipara-doenca-de-lupus-a-deficiencia-fisica","status":"publish","type":"post","link":"https:\/\/iparaiba.com.br\/index.php\/2024\/10\/18\/alpb-aprova-projeto-que-equipara-doenca-de-lupus-a-deficiencia-fisica\/","title":{"rendered":"ALPB aprova projeto que equipara doen\u00e7a de L\u00fapus \u00e0 defici\u00eancia f\u00edsica"},"content":{"rendered":"<p>A Assembleia Legislativa da Para\u00edba aprovou por unanimidade o Projeto de Lei 1.890\/2024 que equipara a doen\u00e7a de L\u00fapus Eritematoso Sist\u00eamico \u00e0s defici\u00eancias f\u00edsicas e intelectuais, para os efeitos jur\u00eddicos. O texto apresentado pelo deputado Chico Mendes foi apreciado durante sess\u00e3o ordin\u00e1ria realizada nesta ter\u00e7a-feira (15).<\/p>\n<p>O PL determina que as pessoas portadoras do L\u00fapus t\u00eam assegurados os mesmos direitos e garantias dos benef\u00edcios sociais das pessoas com defici\u00eancia f\u00edsica ou intelectual previstos na Constitui\u00e7\u00e3o Federal, al\u00e9m do o atendimento priorit\u00e1rio em estabelecimentos p\u00fablicos e privados sediados no Estado da Para\u00edba, a exemplo de ag\u00eancias banc\u00e1rias, casas lot\u00e9ricas, educand\u00e1rios, hospitais, clinicas, postos de sa\u00fade, entre outros.<\/p>\n<p>A mat\u00e9ria acrescenta ainda que para ter direito ao atendimento priorit\u00e1rio, a pessoa portadora do L\u00fapus Eritematoso Sist\u00eamico dever\u00e1 estar munida de qualquer documento firmado por profissional m\u00e9dico que ateste a sua condi\u00e7\u00e3o. \u201cEntendemos que esta propositura \u00e9 de elevado alcance social, uma vez que beneficiar\u00e1 grande parte da popula\u00e7\u00e3o paraibana\u201d, justificou o autor.<\/p>\n","protected":false},"excerpt":{"rendered":"<p>A Assembleia Legislativa da Para\u00edba aprovou por unanimidade o Projeto de Lei 1.890\/2024 que equipara a doen\u00e7a de L\u00fapus Eritematoso Sist\u00eamico \u00e0s defici\u00eancias f\u00edsicas e intelectuais, para os efeitos jur\u00eddicos. O texto apresentado pelo deputado Chico Mendes foi apreciado durante sess\u00e3o ordin\u00e1ria realizada nesta ter\u00e7a-feira (15). O PL determina que as pessoas portadoras do L\u00fapus &hellip;<\/p>\n","protected":false},"author":1,"featured_media":115221,"comment_status":"open","ping_status":"open","sticky":false,"template":"","format":"standard","meta":{"footnotes":""},"categories":[2],"tags":[],"class_list":["post-123194","post","type-post","status-publish","format-standard","has-post-thumbnail","hentry","category-saude"],"_links":{"self":[{"href":"https:\/\/iparaiba.com.br\/index.php\/wp-json\/wp\/v2\/posts\/123194","targetHints":{"allow":["GET"]}}],"collection":[{"href":"https:\/\/iparaiba.com.br\/index.php\/wp-json\/wp\/v2\/posts"}],"about":[{"href":"https:\/\/iparaiba.com.br\/index.php\/wp-json\/wp\/v2\/types\/post"}],"author":[{"embeddable":true,"href":"https:\/\/iparaiba.com.br\/index.php\/wp-json\/wp\/v2\/users\/1"}],"replies":[{"embeddable":true,"href":"https:\/\/iparaiba.com.br\/index.php\/wp-json\/wp\/v2\/comments?post=123194"}],"version-history":[{"count":1,"href":"https:\/\/iparaiba.com.br\/index.php\/wp-json\/wp\/v2\/posts\/123194\/revisions"}],"predecessor-version":[{"id":123233,"href":"https:\/\/iparaiba.com.br\/index.php\/wp-json\/wp\/v2\/posts\/123194\/revisions\/123233"}],"wp:featuredmedia":[{"embeddable":true,"href":"https:\/\/iparaiba.com.br\/index.php\/wp-json\/wp\/v2\/media\/115221"}],"wp:attachment":[{"href":"https:\/\/iparaiba.com.br\/index.php\/wp-json\/wp\/v2\/media?parent=123194"}],"wp:term":[{"taxonomy":"category","embeddable":true,"href":"https:\/\/iparaiba.com.br\/index.php\/wp-json\/wp\/v2\/categories?post=123194"},{"taxonomy":"post_tag","embeddable":true,"href":"https:\/\/iparaiba.com.br\/index.php\/wp-json\/wp\/v2\/tags?post=123194"}],"curies":[{"name":"wp","href":"https:\/\/api.w.org\/{rel}","templated":true}]}}