{"id":123171,"date":"2024-10-14T10:56:49","date_gmt":"2024-10-14T13:56:49","guid":{"rendered":"https:\/\/onordeste.com.br\/?p=123115"},"modified":"2024-10-14T10:56:49","modified_gmt":"2024-10-14T13:56:49","slug":"empaer-lanca-whatsapp-institucional-para-atender-agricultores-familiares","status":"publish","type":"post","link":"https:\/\/iparaiba.com.br\/index.php\/2024\/10\/14\/empaer-lanca-whatsapp-institucional-para-atender-agricultores-familiares\/","title":{"rendered":"Empaer lan\u00e7a WhatsApp institucional para atender agricultores familiares"},"content":{"rendered":"<p>O Governo da Para\u00edba, por meio da Empresa Paraibana de Pesquisa, Extens\u00e3o Rural e Regulariza\u00e7\u00e3o Fundi\u00e1ria (Empaer), deu mais um passo importante para modernizar e ampliar a comunica\u00e7\u00e3o com os agricultores familiares do estado. Na \u00faltima semana, foi lan\u00e7ado o WhatsApp institucional da Empaer (83-99139-4887), canal exclusivo que facilitar\u00e1 o acesso a informa\u00e7\u00f5es, orienta\u00e7\u00f5es e servi\u00e7os oferecidos pela empresa. O lan\u00e7amento integra as a\u00e7\u00f5es do programa ATER Digital, que visa fortalecer a assist\u00eancia t\u00e9cnica no campo atrav\u00e9s do uso de tecnologias digitais.<\/p>\n<p>Com o novo canal, agricultores de diversas regi\u00f5es do estado poder\u00e3o obter suporte t\u00e9cnico em tempo real, esclarecer d\u00favidas sobre pr\u00e1ticas agr\u00edcolas, obter informa\u00e7\u00f5es sobre programas de incentivo e participar de capacita\u00e7\u00f5es de forma remota. O WhatsApp ser\u00e1 um instrumento essencial para ampliar a inclus\u00e3o digital no meio rural, otimizando o contato com os t\u00e9cnicos da Empaer e agilizando o atendimento.<\/p>\n","protected":false},"excerpt":{"rendered":"<p>O Governo da Para\u00edba, por meio da Empresa Paraibana de Pesquisa, Extens\u00e3o Rural e Regulariza\u00e7\u00e3o Fundi\u00e1ria (Empaer), deu mais um passo importante para modernizar e ampliar a comunica\u00e7\u00e3o com os agricultores familiares do estado. Na \u00faltima semana, foi lan\u00e7ado o WhatsApp institucional da Empaer (83-99139-4887), canal exclusivo que facilitar\u00e1 o acesso a informa\u00e7\u00f5es, orienta\u00e7\u00f5es e &hellip;<\/p>\n","protected":false},"author":1,"featured_media":123177,"comment_status":"open","ping_status":"open","sticky":false,"template":"","format":"standard","meta":{"footnotes":""},"categories":[3],"tags":[],"class_list":["post-123171","post","type-post","status-publish","format-standard","has-post-thumbnail","hentry","category-nordeste"],"_links":{"self":[{"href":"https:\/\/iparaiba.com.br\/index.php\/wp-json\/wp\/v2\/posts\/123171","targetHints":{"allow":["GET"]}}],"collection":[{"href":"https:\/\/iparaiba.com.br\/index.php\/wp-json\/wp\/v2\/posts"}],"about":[{"href":"https:\/\/iparaiba.com.br\/index.php\/wp-json\/wp\/v2\/types\/post"}],"author":[{"embeddable":true,"href":"https:\/\/iparaiba.com.br\/index.php\/wp-json\/wp\/v2\/users\/1"}],"replies":[{"embeddable":true,"href":"https:\/\/iparaiba.com.br\/index.php\/wp-json\/wp\/v2\/comments?post=123171"}],"version-history":[{"count":0,"href":"https:\/\/iparaiba.com.br\/index.php\/wp-json\/wp\/v2\/posts\/123171\/revisions"}],"wp:featuredmedia":[{"embeddable":true,"href":"https:\/\/iparaiba.com.br\/index.php\/wp-json\/wp\/v2\/media\/123177"}],"wp:attachment":[{"href":"https:\/\/iparaiba.com.br\/index.php\/wp-json\/wp\/v2\/media?parent=123171"}],"wp:term":[{"taxonomy":"category","embeddable":true,"href":"https:\/\/iparaiba.com.br\/index.php\/wp-json\/wp\/v2\/categories?post=123171"},{"taxonomy":"post_tag","embeddable":true,"href":"https:\/\/iparaiba.com.br\/index.php\/wp-json\/wp\/v2\/tags?post=123171"}],"curies":[{"name":"wp","href":"https:\/\/api.w.org\/{rel}","templated":true}]}}