{"id":123169,"date":"2024-10-14T10:54:16","date_gmt":"2024-10-14T13:54:16","guid":{"rendered":"https:\/\/onordeste.com.br\/?p=123110"},"modified":"2024-10-14T10:54:16","modified_gmt":"2024-10-14T13:54:16","slug":"inscricoes-para-concurso-da-saude-sao-prorrogadas","status":"publish","type":"post","link":"https:\/\/iparaiba.com.br\/index.php\/2024\/10\/14\/inscricoes-para-concurso-da-saude-sao-prorrogadas\/","title":{"rendered":"Inscri\u00e7\u00f5es para concurso da sa\u00fade s\u00e3o prorrogadas"},"content":{"rendered":"<p>As inscri\u00e7\u00f5es para o concurso da Funda\u00e7\u00e3o PB Sa\u00fade foram prorrogadas e agora podem ser realizadas at\u00e9 6 de novembro, conforme publica\u00e7\u00e3o feita no dia 12 de outubro. Inicialmente, o prazo de inscri\u00e7\u00e3o se encerraria na \u00faltima quinta-feira (10), mas a extens\u00e3o foi anunciada para permitir mais tempo aos candidatos interessados. As inscri\u00e7\u00f5es devem ser feitas exclusivamente pela internet, atrav\u00e9s do site da organizadora do concurso, o Idecan.<\/p>\n<p>As taxas de inscri\u00e7\u00e3o variam de acordo com o n\u00edvel do cargo: R$ 80 para cargos de n\u00edvel b\u00e1sico, R$ 120 para n\u00edvel m\u00e9dio\/t\u00e9cnico, R$ 180 para n\u00edvel superior e R$ 250 para o cargo de m\u00e9dico.<\/p>\n<p>Apesar da prorroga\u00e7\u00e3o das inscri\u00e7\u00f5es, a data das provas objetivas permanece inalterada. Os exames est\u00e3o marcados para o dia 15 de dezembro de 2024. As provas para os n\u00edveis b\u00e1sico, m\u00e9dio e t\u00e9cnico ser\u00e3o realizadas pela manh\u00e3, das 8h \u00e0s 12h, enquanto as provas de n\u00edvel superior ocorrer\u00e3o \u00e0 tarde, das 15h \u00e0s 19h. As avalia\u00e7\u00f5es ser\u00e3o aplicadas nas cidades de Jo\u00e3o Pessoa, Campina Grande, Guarabira e Patos.<\/p>\n","protected":false},"excerpt":{"rendered":"<p>As inscri\u00e7\u00f5es para o concurso da Funda\u00e7\u00e3o PB Sa\u00fade foram prorrogadas e agora podem ser realizadas at\u00e9 6 de novembro, conforme publica\u00e7\u00e3o feita no dia 12 de outubro. Inicialmente, o prazo de inscri\u00e7\u00e3o se encerraria na \u00faltima quinta-feira (10), mas a extens\u00e3o foi anunciada para permitir mais tempo aos candidatos interessados. As inscri\u00e7\u00f5es devem ser &hellip;<\/p>\n","protected":false},"author":1,"featured_media":123176,"comment_status":"open","ping_status":"open","sticky":false,"template":"","format":"standard","meta":{"footnotes":""},"categories":[12],"tags":[],"class_list":["post-123169","post","type-post","status-publish","format-standard","has-post-thumbnail","hentry","category-emprego"],"_links":{"self":[{"href":"https:\/\/iparaiba.com.br\/index.php\/wp-json\/wp\/v2\/posts\/123169","targetHints":{"allow":["GET"]}}],"collection":[{"href":"https:\/\/iparaiba.com.br\/index.php\/wp-json\/wp\/v2\/posts"}],"about":[{"href":"https:\/\/iparaiba.com.br\/index.php\/wp-json\/wp\/v2\/types\/post"}],"author":[{"embeddable":true,"href":"https:\/\/iparaiba.com.br\/index.php\/wp-json\/wp\/v2\/users\/1"}],"replies":[{"embeddable":true,"href":"https:\/\/iparaiba.com.br\/index.php\/wp-json\/wp\/v2\/comments?post=123169"}],"version-history":[{"count":0,"href":"https:\/\/iparaiba.com.br\/index.php\/wp-json\/wp\/v2\/posts\/123169\/revisions"}],"wp:featuredmedia":[{"embeddable":true,"href":"https:\/\/iparaiba.com.br\/index.php\/wp-json\/wp\/v2\/media\/123176"}],"wp:attachment":[{"href":"https:\/\/iparaiba.com.br\/index.php\/wp-json\/wp\/v2\/media?parent=123169"}],"wp:term":[{"taxonomy":"category","embeddable":true,"href":"https:\/\/iparaiba.com.br\/index.php\/wp-json\/wp\/v2\/categories?post=123169"},{"taxonomy":"post_tag","embeddable":true,"href":"https:\/\/iparaiba.com.br\/index.php\/wp-json\/wp\/v2\/tags?post=123169"}],"curies":[{"name":"wp","href":"https:\/\/api.w.org\/{rel}","templated":true}]}}