{"id":123161,"date":"2024-10-16T14:00:30","date_gmt":"2024-10-16T17:00:30","guid":{"rendered":"https:\/\/onordeste.com.br\/?p=123161"},"modified":"2024-10-16T14:00:30","modified_gmt":"2024-10-16T17:00:30","slug":"encontro-do-climatescanner-discute-avancos-e-desafios","status":"publish","type":"post","link":"https:\/\/iparaiba.com.br\/index.php\/2024\/10\/16\/encontro-do-climatescanner-discute-avancos-e-desafios\/","title":{"rendered":"Encontro do ClimateScanner discute avan\u00e7os e desafios"},"content":{"rendered":"<p>Entre os dias 15 e 18 de outubro, o Instituto Serzedello Corr\u00eaa (ISC) sediar\u00e1 o\u00a0<strong>encontro do Grupo Executivo do\u00a0<a href=\"https:\/\/sites.tcu.gov.br\/climatescanner\/\">ClimateScanner<\/a><\/strong>, iniciativa global que visa monitorar e avaliar as a\u00e7\u00f5es governamentais no enfrentamento das mudan\u00e7as clim\u00e1ticas. Com o objetivo de consolidar os resultados j\u00e1 obtidos e tra\u00e7ar as diretrizes para 2025, o encontro contar\u00e1 com a participa\u00e7\u00e3o de representantes do TCU, do Banco Nacional de Desenvolvimento Econ\u00f4mico e Social (BNDES), do Banco Interamericano de Desenvolvimento (BID), do Departamento de Assuntos Econ\u00f4micos e Sociais das Na\u00e7\u00f5es Unidas (UNDESA), do Programa das Na\u00e7\u00f5es Unidas para o Desenvolvimento (PNUD) e de especialistas do Instituto Th\u00fcnen e do World Resources Institute (WRI) Brasil.<\/p>\n<p>O encontro servir\u00e1 como\u00a0<strong>prepara\u00e7\u00e3o para a Confer\u00eancia das Na\u00e7\u00f5es Unidas sobre Mudan\u00e7as Clim\u00e1ticas (COP 29)<\/strong>, que acontecer\u00e1 no Azerbaij\u00e3o, onde ser\u00e3o apresentados os primeiros resultados e as recomenda\u00e7\u00f5es da plataforma. A abertura ser\u00e1 conduzida pelo ministro do TCU Vital do R\u00eago e por representantes do BNDES, do BID e do PNUD.<\/p>\n<p>Entre os temas centrais est\u00e1 o aprimoramento da apresenta\u00e7\u00e3o de dados do ClimateScanner com \u00eanfase na\u00a0<strong>colabora\u00e7\u00e3o entre a plataforma Climate Watch e outras ferramentas j\u00e1 existentes<\/strong>.<\/p>\n<p>A relev\u00e2ncia do engajamento regional tamb\u00e9m ser\u00e1 destaque, com a participa\u00e7\u00e3o de especialistas da Comiss\u00e3o Econ\u00f4mica para a Am\u00e9rica Latina e Caribe (Cepal), do Pro PALOP-TL ISC, da Organiza\u00e7\u00e3o Africana das Institui\u00e7\u00f5es Superiores de Controle de L\u00edngua Inglesa (AFROSAI-E) e das Organiza\u00e7\u00f5es das Institui\u00e7\u00f5es Superiores de Controle do Pac\u00edfico (PASAI), que tratar\u00e3o dos desafios enfrentados em diferentes regi\u00f5es do mundo.<\/p>\n","protected":false},"excerpt":{"rendered":"<p>Entre os dias 15 e 18 de outubro, o Instituto Serzedello Corr\u00eaa (ISC) sediar\u00e1 o\u00a0encontro do Grupo Executivo do\u00a0ClimateScanner, iniciativa global que visa monitorar e avaliar as a\u00e7\u00f5es governamentais no enfrentamento das mudan\u00e7as clim\u00e1ticas. Com o objetivo de consolidar os resultados j\u00e1 obtidos e tra\u00e7ar as diretrizes para 2025, o encontro contar\u00e1 com a participa\u00e7\u00e3o &hellip;<\/p>\n","protected":false},"author":1,"featured_media":0,"comment_status":"open","ping_status":"open","sticky":false,"template":"","format":"standard","meta":{"footnotes":""},"categories":[18],"tags":[],"class_list":["post-123161","post","type-post","status-publish","format-standard","has-post-thumbnail","hentry","category-brasil"],"_links":{"self":[{"href":"https:\/\/iparaiba.com.br\/index.php\/wp-json\/wp\/v2\/posts\/123161","targetHints":{"allow":["GET"]}}],"collection":[{"href":"https:\/\/iparaiba.com.br\/index.php\/wp-json\/wp\/v2\/posts"}],"about":[{"href":"https:\/\/iparaiba.com.br\/index.php\/wp-json\/wp\/v2\/types\/post"}],"author":[{"embeddable":true,"href":"https:\/\/iparaiba.com.br\/index.php\/wp-json\/wp\/v2\/users\/1"}],"replies":[{"embeddable":true,"href":"https:\/\/iparaiba.com.br\/index.php\/wp-json\/wp\/v2\/comments?post=123161"}],"version-history":[{"count":0,"href":"https:\/\/iparaiba.com.br\/index.php\/wp-json\/wp\/v2\/posts\/123161\/revisions"}],"wp:attachment":[{"href":"https:\/\/iparaiba.com.br\/index.php\/wp-json\/wp\/v2\/media?parent=123161"}],"wp:term":[{"taxonomy":"category","embeddable":true,"href":"https:\/\/iparaiba.com.br\/index.php\/wp-json\/wp\/v2\/categories?post=123161"},{"taxonomy":"post_tag","embeddable":true,"href":"https:\/\/iparaiba.com.br\/index.php\/wp-json\/wp\/v2\/tags?post=123161"}],"curies":[{"name":"wp","href":"https:\/\/api.w.org\/{rel}","templated":true}]}}