{"id":123159,"date":"2024-10-16T12:00:42","date_gmt":"2024-10-16T15:00:42","guid":{"rendered":"https:\/\/onordeste.com.br\/?p=123159"},"modified":"2024-10-16T12:00:42","modified_gmt":"2024-10-16T15:00:42","slug":"proposta-facilita-contratacao-de-aprendiz-com-deficiencia-por-orgaos-da-administracao-publica","status":"publish","type":"post","link":"https:\/\/iparaiba.com.br\/index.php\/2024\/10\/16\/proposta-facilita-contratacao-de-aprendiz-com-deficiencia-por-orgaos-da-administracao-publica\/","title":{"rendered":"Proposta facilita contrata\u00e7\u00e3o de aprendiz com defici\u00eancia por \u00f3rg\u00e3os da administra\u00e7\u00e3o p\u00fablica"},"content":{"rendered":"<p>O Projeto de Lei 3053\/24, em an\u00e1lise na C\u00e2mara dos Deputados, determina que a administra\u00e7\u00e3o p\u00fablica reserve pelo menos 2% das vagas de aprendiz para pessoas com algum tipo de defici\u00eancia ou doen\u00e7a rara.<\/p>\n<p>\u201cA proposta tem por finalidade proporcionar aos adolescentes e jovens com defici\u00eancia a oportunidade de ingressar nos contratos de aprendizagem firmados por \u00f3rg\u00e3os e entidades da administra\u00e7\u00e3o p\u00fablica\u201d, disse a deputada Mission\u00e1ria Michele Collins (PP-PE), autora do projeto.<\/p>\n<p>O texto altera a <a href=\"https:\/\/www2.camara.leg.br\/legin\/fed\/declei\/1940-1949\/decreto-lei-5452-1-maio-1943-415500-norma-pe.html\">Consolida\u00e7\u00e3o das Leis do Trabalho (CLT)<\/a>, que disciplina os contratos dos aprendizes (trabalhadores entre 14 e 24 anos).<\/p>\n<p>Ag\u00eancia C\u00e2mara de Not\u00edcias<\/p>\n","protected":false},"excerpt":{"rendered":"<p>O Projeto de Lei 3053\/24, em an\u00e1lise na C\u00e2mara dos Deputados, determina que a administra\u00e7\u00e3o p\u00fablica reserve pelo menos 2% das vagas de aprendiz para pessoas com algum tipo de defici\u00eancia ou doen\u00e7a rara. \u201cA proposta tem por finalidade proporcionar aos adolescentes e jovens com defici\u00eancia a oportunidade de ingressar nos contratos de aprendizagem firmados &hellip;<\/p>\n","protected":false},"author":1,"featured_media":115285,"comment_status":"open","ping_status":"open","sticky":false,"template":"","format":"standard","meta":{"footnotes":""},"categories":[12],"tags":[],"class_list":["post-123159","post","type-post","status-publish","format-standard","has-post-thumbnail","hentry","category-emprego"],"_links":{"self":[{"href":"https:\/\/iparaiba.com.br\/index.php\/wp-json\/wp\/v2\/posts\/123159","targetHints":{"allow":["GET"]}}],"collection":[{"href":"https:\/\/iparaiba.com.br\/index.php\/wp-json\/wp\/v2\/posts"}],"about":[{"href":"https:\/\/iparaiba.com.br\/index.php\/wp-json\/wp\/v2\/types\/post"}],"author":[{"embeddable":true,"href":"https:\/\/iparaiba.com.br\/index.php\/wp-json\/wp\/v2\/users\/1"}],"replies":[{"embeddable":true,"href":"https:\/\/iparaiba.com.br\/index.php\/wp-json\/wp\/v2\/comments?post=123159"}],"version-history":[{"count":0,"href":"https:\/\/iparaiba.com.br\/index.php\/wp-json\/wp\/v2\/posts\/123159\/revisions"}],"wp:featuredmedia":[{"embeddable":true,"href":"https:\/\/iparaiba.com.br\/index.php\/wp-json\/wp\/v2\/media\/115285"}],"wp:attachment":[{"href":"https:\/\/iparaiba.com.br\/index.php\/wp-json\/wp\/v2\/media?parent=123159"}],"wp:term":[{"taxonomy":"category","embeddable":true,"href":"https:\/\/iparaiba.com.br\/index.php\/wp-json\/wp\/v2\/categories?post=123159"},{"taxonomy":"post_tag","embeddable":true,"href":"https:\/\/iparaiba.com.br\/index.php\/wp-json\/wp\/v2\/tags?post=123159"}],"curies":[{"name":"wp","href":"https:\/\/api.w.org\/{rel}","templated":true}]}}