{"id":123151,"date":"2024-10-16T08:00:14","date_gmt":"2024-10-16T11:00:14","guid":{"rendered":"https:\/\/onordeste.com.br\/?p=123151"},"modified":"2024-10-16T08:00:14","modified_gmt":"2024-10-16T11:00:14","slug":"proposta-isenta-carros-com-mais-de-20-anos-de-pagar-ipva","status":"publish","type":"post","link":"https:\/\/iparaiba.com.br\/index.php\/2024\/10\/16\/proposta-isenta-carros-com-mais-de-20-anos-de-pagar-ipva\/","title":{"rendered":"Proposta isenta carros com mais de 20 anos de pagar IPVA"},"content":{"rendered":"<p>A Proposta de Emenda \u00e0 Constitui\u00e7\u00e3o (PEC) 72\/23 isenta do Imposto sobre a Propriedade de Ve\u00edculos Automotores (IPVA) os ve\u00edculos terrestres de passageiros, caminhonetes e mistos com 20 anos ou mais de fabrica\u00e7\u00e3o.<\/p>\n<p>Apresentada pelo senador Cleitinho (Republicanos-MG), a PEC j\u00e1 foi aprovada pelo Senado e agora est\u00e1 em an\u00e1lise na C\u00e2mara dos Deputados.<\/p>\n<p>A regra n\u00e3o valer\u00e1 para micro-\u00f4nibus, \u00f4nibus, reboques e semirreboques e vai atingir principalmente os estados onde ainda n\u00e3o existe a isen\u00e7\u00e3o, que s\u00e3o Minas Gerais, Pernambuco, Tocantins, Alagoas e Santa Catarina.<\/p>\n<p>A PEC amplia a isen\u00e7\u00e3o pela via da imunidade tribut\u00e1ria, que \u00e9 mat\u00e9ria de \u00edndole constitucional.<\/p>\n<p>Ao apresentar a proposta, o senador Cleitinho disse que a medida assegura justi\u00e7a social. \u201cPara a popula\u00e7\u00e3o de baixa renda propriet\u00e1ria de autom\u00f3veis mais antigos, a despesa com o IPVA consome parcela relevante de suas receitas\u201d, justificou.<\/p>\n<p>Ag\u00eancia C\u00e2mara de Not\u00edcias<\/p>\n","protected":false},"excerpt":{"rendered":"<p>A Proposta de Emenda \u00e0 Constitui\u00e7\u00e3o (PEC) 72\/23 isenta do Imposto sobre a Propriedade de Ve\u00edculos Automotores (IPVA) os ve\u00edculos terrestres de passageiros, caminhonetes e mistos com 20 anos ou mais de fabrica\u00e7\u00e3o. Apresentada pelo senador Cleitinho (Republicanos-MG), a PEC j\u00e1 foi aprovada pelo Senado e agora est\u00e1 em an\u00e1lise na C\u00e2mara dos Deputados. A &hellip;<\/p>\n","protected":false},"author":1,"featured_media":123152,"comment_status":"open","ping_status":"open","sticky":false,"template":"","format":"standard","meta":{"footnotes":""},"categories":[6],"tags":[],"class_list":["post-123151","post","type-post","status-publish","format-standard","has-post-thumbnail","hentry","category-destaques"],"_links":{"self":[{"href":"https:\/\/iparaiba.com.br\/index.php\/wp-json\/wp\/v2\/posts\/123151","targetHints":{"allow":["GET"]}}],"collection":[{"href":"https:\/\/iparaiba.com.br\/index.php\/wp-json\/wp\/v2\/posts"}],"about":[{"href":"https:\/\/iparaiba.com.br\/index.php\/wp-json\/wp\/v2\/types\/post"}],"author":[{"embeddable":true,"href":"https:\/\/iparaiba.com.br\/index.php\/wp-json\/wp\/v2\/users\/1"}],"replies":[{"embeddable":true,"href":"https:\/\/iparaiba.com.br\/index.php\/wp-json\/wp\/v2\/comments?post=123151"}],"version-history":[{"count":0,"href":"https:\/\/iparaiba.com.br\/index.php\/wp-json\/wp\/v2\/posts\/123151\/revisions"}],"wp:featuredmedia":[{"embeddable":true,"href":"https:\/\/iparaiba.com.br\/index.php\/wp-json\/wp\/v2\/media\/123152"}],"wp:attachment":[{"href":"https:\/\/iparaiba.com.br\/index.php\/wp-json\/wp\/v2\/media?parent=123151"}],"wp:term":[{"taxonomy":"category","embeddable":true,"href":"https:\/\/iparaiba.com.br\/index.php\/wp-json\/wp\/v2\/categories?post=123151"},{"taxonomy":"post_tag","embeddable":true,"href":"https:\/\/iparaiba.com.br\/index.php\/wp-json\/wp\/v2\/tags?post=123151"}],"curies":[{"name":"wp","href":"https:\/\/api.w.org\/{rel}","templated":true}]}}