{"id":123146,"date":"2024-10-15T18:19:09","date_gmt":"2024-10-15T21:19:09","guid":{"rendered":"https:\/\/onordeste.com.br\/?p=123146"},"modified":"2024-10-15T18:19:09","modified_gmt":"2024-10-15T21:19:09","slug":"sp-sem-luz-aneel-fara-reuniao-de-emergencia-com-concessionarias","status":"publish","type":"post","link":"https:\/\/iparaiba.com.br\/index.php\/2024\/10\/15\/sp-sem-luz-aneel-fara-reuniao-de-emergencia-com-concessionarias\/","title":{"rendered":"SP sem luz: Aneel far\u00e1 reuni\u00e3o de emerg\u00eancia com concession\u00e1rias"},"content":{"rendered":"<p>A Ag\u00eancia Nacional de Energia El\u00e9trica (Aneel) far\u00e1, nas pr\u00f3ximas horas, uma reuni\u00e3o com concession\u00e1rias de distribui\u00e7\u00e3o de energia de S\u00e3o Paulo para avaliar a situa\u00e7\u00e3o e tra\u00e7ar estrat\u00e9gias para o restabelecimento do fornecimento de energia el\u00e9trica em partes do estado. Desde sexta-feira (11), milh\u00f5es de endere\u00e7os\u00a0ficaram \u00e0s escuras por causa da ocorr\u00eancia de ventanias e temporais, que\u00a0<a href=\"https:\/\/agenciabrasil.ebc.com.br\/geral\/noticia\/2024-10\/defesa-civil-confirma-sete-mortes-apos-temporais-no-estado-de-sp\" target=\"_blank\" rel=\"noopener\">deixaram sete mortos<\/a>.<img decoding=\"async\" src=\"https:\/\/agenciabrasil.ebc.com.br\/ebc.png?id=1615267&amp;o=node\" \/><img decoding=\"async\" src=\"https:\/\/agenciabrasil.ebc.com.br\/ebc.gif?id=1615267&amp;o=node\" \/><\/p>\n<p>A reuni\u00e3o marcada para 18h ser\u00e1 entre a Aneel, representantes da Ag\u00eancia Reguladora de Servi\u00e7os P\u00fablicos do Estado de S\u00e3o Paulo (Arsesp) e das empresas Enel SP, Neoenergia Elektro, EDP S\u00e3o Paulo, Energisa Sul-Sudeste, CPFL Piratininga, CPFL Paulista, CPFL Santa Cruz, Cteep e Eletrobras Furnas.<\/p>\n<p>A iniciativa da ag\u00eancia reguladora atende a uma determina\u00e7\u00e3o do ministro de Minas e Energia (MME), Alexandre Silveira, que enviou um of\u00edcio, na tarde deste domingo (13), ao diretor-geral da Aneel, Sandoval Feitosa Neto. A ag\u00eancia \u00e9 um \u00f3rg\u00e3o subordinado ao minist\u00e9rio, com o diretor-geral nomeado pelo governo anterior e com mandato at\u00e9 2027.<\/p>\n<p>\u201cReiterando que este MME n\u00e3o ir\u00e1 admitir qualquer omiss\u00e3o por parte dessa ag\u00eancia reguladora, determino a vossa senhoria a realiza\u00e7\u00e3o de reuni\u00e3o, ainda hoje, com a Enel e demais equipes t\u00e9cnicas das distribuidoras de energia el\u00e9trica que possam auxiliar com planos de a\u00e7\u00f5es emergenciais para imediata resolu\u00e7\u00e3o da situa\u00e7\u00e3o em SP e regi\u00e3o metropolitana\u201d, diz trecho do documento.<\/p>\n<p>O ministro exige ainda que o diretor-geral da Aneel apresente o plano de conting\u00eancia elaborado pelas equipes t\u00e9cnicas \u00e0s 10h de segunda-feira (14), na sede da C\u00e2mara de Comercializa\u00e7\u00e3o de Energia El\u00e9trica (CCEE) em S\u00e3o Paulo, onde estar\u00e1, seguindo determina\u00e7\u00e3o do presidente Luiz In\u00e1cio Lula da Silva.<\/p>\n<p>Ag\u00eancia Brasil<\/p>\n","protected":false},"excerpt":{"rendered":"<p>A Ag\u00eancia Nacional de Energia El\u00e9trica (Aneel) far\u00e1, nas pr\u00f3ximas horas, uma reuni\u00e3o com concession\u00e1rias de distribui\u00e7\u00e3o de energia de S\u00e3o Paulo para avaliar a situa\u00e7\u00e3o e tra\u00e7ar estrat\u00e9gias para o restabelecimento do fornecimento de energia el\u00e9trica em partes do estado. Desde sexta-feira (11), milh\u00f5es de endere\u00e7os\u00a0ficaram \u00e0s escuras por causa da ocorr\u00eancia de ventanias &hellip;<\/p>\n","protected":false},"author":1,"featured_media":104137,"comment_status":"open","ping_status":"open","sticky":false,"template":"","format":"standard","meta":{"footnotes":""},"categories":[18],"tags":[],"class_list":["post-123146","post","type-post","status-publish","format-standard","has-post-thumbnail","hentry","category-brasil"],"_links":{"self":[{"href":"https:\/\/iparaiba.com.br\/index.php\/wp-json\/wp\/v2\/posts\/123146","targetHints":{"allow":["GET"]}}],"collection":[{"href":"https:\/\/iparaiba.com.br\/index.php\/wp-json\/wp\/v2\/posts"}],"about":[{"href":"https:\/\/iparaiba.com.br\/index.php\/wp-json\/wp\/v2\/types\/post"}],"author":[{"embeddable":true,"href":"https:\/\/iparaiba.com.br\/index.php\/wp-json\/wp\/v2\/users\/1"}],"replies":[{"embeddable":true,"href":"https:\/\/iparaiba.com.br\/index.php\/wp-json\/wp\/v2\/comments?post=123146"}],"version-history":[{"count":1,"href":"https:\/\/iparaiba.com.br\/index.php\/wp-json\/wp\/v2\/posts\/123146\/revisions"}],"predecessor-version":[{"id":123189,"href":"https:\/\/iparaiba.com.br\/index.php\/wp-json\/wp\/v2\/posts\/123146\/revisions\/123189"}],"wp:featuredmedia":[{"embeddable":true,"href":"https:\/\/iparaiba.com.br\/index.php\/wp-json\/wp\/v2\/media\/104137"}],"wp:attachment":[{"href":"https:\/\/iparaiba.com.br\/index.php\/wp-json\/wp\/v2\/media?parent=123146"}],"wp:term":[{"taxonomy":"category","embeddable":true,"href":"https:\/\/iparaiba.com.br\/index.php\/wp-json\/wp\/v2\/categories?post=123146"},{"taxonomy":"post_tag","embeddable":true,"href":"https:\/\/iparaiba.com.br\/index.php\/wp-json\/wp\/v2\/tags?post=123146"}],"curies":[{"name":"wp","href":"https:\/\/api.w.org\/{rel}","templated":true}]}}