{"id":123141,"date":"2024-10-15T14:00:37","date_gmt":"2024-10-15T17:00:37","guid":{"rendered":"https:\/\/onordeste.com.br\/?p=123141"},"modified":"2024-10-15T14:00:37","modified_gmt":"2024-10-15T17:00:37","slug":"decisao-sobre-horario-de-verao","status":"publish","type":"post","link":"https:\/\/iparaiba.com.br\/index.php\/2024\/10\/15\/decisao-sobre-horario-de-verao\/","title":{"rendered":"Decis\u00e3o sobre hor\u00e1rio de ver\u00e3o"},"content":{"rendered":"<p>O Minist\u00e9rio de Minas e Energia vai decidir na ter\u00e7a-feira (15) sobre ado\u00e7\u00e3o do hor\u00e1rio de ver\u00e3o no Brasil ainda este ano. O ministro Alexandre Silveira vai se reunir com a equipe t\u00e9cnica no pr\u00e9dio da pasta em Bras\u00edlia para definir a quest\u00e3o. Diante da urg\u00eancia da decis\u00e3o, Silveira reduziu em uma semana o per\u00edodo de f\u00e9rias e retornar\u00e1 ao trabalho na pr\u00f3xima segunda-feira (14).<\/p>\n<p>\u201cO resumo da \u00f3pera \u00e9 que se houver risco energ\u00e9tico, n\u00e3o interessa outro assunto a n\u00e3o ser fazer o hor\u00e1rio de ver\u00e3o\u201d, afirmou Silveira nesta sexta-feira (11), em Roma, ap\u00f3s participar como palestrante do \u00faltimo painel II F\u00f3rum Internacional Esfera.<img decoding=\"async\" src=\"https:\/\/agenciabrasil.ebc.com.br\/ebc.png?id=1615141&amp;o=node\" \/><\/p>\n<p>Ag\u00eancia Brasil<img decoding=\"async\" src=\"https:\/\/agenciabrasil.ebc.com.br\/ebc.gif?id=1615141&amp;o=node\" \/><\/p>\n","protected":false},"excerpt":{"rendered":"<p>O Minist\u00e9rio de Minas e Energia vai decidir na ter\u00e7a-feira (15) sobre ado\u00e7\u00e3o do hor\u00e1rio de ver\u00e3o no Brasil ainda este ano. O ministro Alexandre Silveira vai se reunir com a equipe t\u00e9cnica no pr\u00e9dio da pasta em Bras\u00edlia para definir a quest\u00e3o. Diante da urg\u00eancia da decis\u00e3o, Silveira reduziu em uma semana o per\u00edodo &hellip;<\/p>\n","protected":false},"author":1,"featured_media":100577,"comment_status":"open","ping_status":"open","sticky":false,"template":"","format":"standard","meta":{"footnotes":""},"categories":[18],"tags":[],"class_list":["post-123141","post","type-post","status-publish","format-standard","has-post-thumbnail","hentry","category-brasil"],"_links":{"self":[{"href":"https:\/\/iparaiba.com.br\/index.php\/wp-json\/wp\/v2\/posts\/123141","targetHints":{"allow":["GET"]}}],"collection":[{"href":"https:\/\/iparaiba.com.br\/index.php\/wp-json\/wp\/v2\/posts"}],"about":[{"href":"https:\/\/iparaiba.com.br\/index.php\/wp-json\/wp\/v2\/types\/post"}],"author":[{"embeddable":true,"href":"https:\/\/iparaiba.com.br\/index.php\/wp-json\/wp\/v2\/users\/1"}],"replies":[{"embeddable":true,"href":"https:\/\/iparaiba.com.br\/index.php\/wp-json\/wp\/v2\/comments?post=123141"}],"version-history":[{"count":1,"href":"https:\/\/iparaiba.com.br\/index.php\/wp-json\/wp\/v2\/posts\/123141\/revisions"}],"predecessor-version":[{"id":123187,"href":"https:\/\/iparaiba.com.br\/index.php\/wp-json\/wp\/v2\/posts\/123141\/revisions\/123187"}],"wp:featuredmedia":[{"embeddable":true,"href":"https:\/\/iparaiba.com.br\/index.php\/wp-json\/wp\/v2\/media\/100577"}],"wp:attachment":[{"href":"https:\/\/iparaiba.com.br\/index.php\/wp-json\/wp\/v2\/media?parent=123141"}],"wp:term":[{"taxonomy":"category","embeddable":true,"href":"https:\/\/iparaiba.com.br\/index.php\/wp-json\/wp\/v2\/categories?post=123141"},{"taxonomy":"post_tag","embeddable":true,"href":"https:\/\/iparaiba.com.br\/index.php\/wp-json\/wp\/v2\/tags?post=123141"}],"curies":[{"name":"wp","href":"https:\/\/api.w.org\/{rel}","templated":true}]}}