{"id":123139,"date":"2024-10-15T12:14:17","date_gmt":"2024-10-15T15:14:17","guid":{"rendered":"https:\/\/onordeste.com.br\/?p=123139"},"modified":"2024-10-15T12:14:17","modified_gmt":"2024-10-15T15:14:17","slug":"policia-investiga-laboratorio-por-infeccoes-por-hiv","status":"publish","type":"post","link":"https:\/\/iparaiba.com.br\/index.php\/2024\/10\/15\/policia-investiga-laboratorio-por-infeccoes-por-hiv\/","title":{"rendered":"Pol\u00edcia investiga laborat\u00f3rio por infec\u00e7\u00f5es por HIV"},"content":{"rendered":"<p>Policiais civis do Rio de Janeiro fazem, nesta segunda-feira (14), uma opera\u00e7\u00e3o para apurar a suspeita da emiss\u00e3o de laudos falsos feitos pelo laborat\u00f3rio PCS Saleme. Ele \u00e9 investigado pela responsabilidade no transplante de \u00f3rg\u00e3os infectados por HIV em seis pessoas.<img decoding=\"async\" src=\"https:\/\/agenciabrasil.ebc.com.br\/ebc.png?id=1615295&amp;o=node\" \/><img decoding=\"async\" src=\"https:\/\/agenciabrasil.ebc.com.br\/ebc.gif?id=1615295&amp;o=node\" \/><\/p>\n<p>Agentes do Departamento Geral de Pol\u00edcia Especializada cumprem hoje 11 mandados de busca e apreens\u00e3o e quatro de pris\u00e3o no Rio de Janeiro e Nova Igua\u00e7u, onde o laborat\u00f3rio est\u00e1 sediado.<\/p>\n<p>De acordo com o governo do estado, um dos s\u00f3cios do laborat\u00f3rio, Walter Vieira, foi preso na a\u00e7\u00e3o desta segunda-feira. O laborat\u00f3rio tinha contrato assinado com a Funda\u00e7\u00e3o Sa\u00fade, vinculada \u00e0 Secretaria Estadual de Sa\u00fade, para realizar exames de an\u00e1lises cl\u00ednicas e de anatomia patol\u00f3gica em todas as unidades da rede.<\/p>\n<p>O contrato foi assinado em dezembro de 2023, mas foi suspenso pela secretaria ap\u00f3s a divulga\u00e7\u00e3o de informa\u00e7\u00f5es sobre a contamina\u00e7\u00e3o de pacientes transplantados.<\/p>\n<h2>Falsifica\u00e7\u00e3o<\/h2>\n<p>A\u00a0<a href=\"https:\/\/agenciabrasil.ebc.com.br\/saude\/noticia\/2024-10\/infeccao-por-hiv-em-transplantes-e-investigada-no-rio\" target=\"_blank\" rel=\"noopener\">Delegacia do Consumidor tamb\u00e9m investiga se o laborat\u00f3rio<\/a>\u00a0falsificou laudos em outros casos. \u201cDeterminei imediatamente a instaura\u00e7\u00e3o de inqu\u00e9rito, atendendo determina\u00e7\u00e3o do governador para que os fatos fossem investigados com maior rigor e rapidez. Conseguimos elementos para representar pelas cautelares junto \u00e0 Justi\u00e7a em tempo recorde, para que os culpados sejam punidos com a maior celeridade\u201d, afirmou o secret\u00e1rio estadual de Pol\u00edcia Civil, Felipe Curi, por meio de nota.<\/p>\n<p>Por meio de nota, as defesas de Walter e Mateus Vieira, s\u00f3cios do PCS Lab Saleme, repudiaram \u201ccom veem\u00eancia a suposta exist\u00eancia de um esquema criminoso para forjar laudos dentro do laborat\u00f3rio, uma empresa que atua no mercado h\u00e1 mais de 50 anos. Ambos prestar\u00e3o todos os esclarecimentos \u00e0 Justi\u00e7a\u201d, disseram.<\/p>\n<p>agenciabrasil.ebc<\/p>\n","protected":false},"excerpt":{"rendered":"<p>Policiais civis do Rio de Janeiro fazem, nesta segunda-feira (14), uma opera\u00e7\u00e3o para apurar a suspeita da emiss\u00e3o de laudos falsos feitos pelo laborat\u00f3rio PCS Saleme. Ele \u00e9 investigado pela responsabilidade no transplante de \u00f3rg\u00e3os infectados por HIV em seis pessoas. Agentes do Departamento Geral de Pol\u00edcia Especializada cumprem hoje 11 mandados de busca e &hellip;<\/p>\n","protected":false},"author":1,"featured_media":106247,"comment_status":"open","ping_status":"open","sticky":false,"template":"","format":"standard","meta":{"footnotes":""},"categories":[6],"tags":[],"class_list":["post-123139","post","type-post","status-publish","format-standard","has-post-thumbnail","hentry","category-destaques"],"_links":{"self":[{"href":"https:\/\/iparaiba.com.br\/index.php\/wp-json\/wp\/v2\/posts\/123139","targetHints":{"allow":["GET"]}}],"collection":[{"href":"https:\/\/iparaiba.com.br\/index.php\/wp-json\/wp\/v2\/posts"}],"about":[{"href":"https:\/\/iparaiba.com.br\/index.php\/wp-json\/wp\/v2\/types\/post"}],"author":[{"embeddable":true,"href":"https:\/\/iparaiba.com.br\/index.php\/wp-json\/wp\/v2\/users\/1"}],"replies":[{"embeddable":true,"href":"https:\/\/iparaiba.com.br\/index.php\/wp-json\/wp\/v2\/comments?post=123139"}],"version-history":[{"count":1,"href":"https:\/\/iparaiba.com.br\/index.php\/wp-json\/wp\/v2\/posts\/123139\/revisions"}],"predecessor-version":[{"id":123186,"href":"https:\/\/iparaiba.com.br\/index.php\/wp-json\/wp\/v2\/posts\/123139\/revisions\/123186"}],"wp:featuredmedia":[{"embeddable":true,"href":"https:\/\/iparaiba.com.br\/index.php\/wp-json\/wp\/v2\/media\/106247"}],"wp:attachment":[{"href":"https:\/\/iparaiba.com.br\/index.php\/wp-json\/wp\/v2\/media?parent=123139"}],"wp:term":[{"taxonomy":"category","embeddable":true,"href":"https:\/\/iparaiba.com.br\/index.php\/wp-json\/wp\/v2\/categories?post=123139"},{"taxonomy":"post_tag","embeddable":true,"href":"https:\/\/iparaiba.com.br\/index.php\/wp-json\/wp\/v2\/tags?post=123139"}],"curies":[{"name":"wp","href":"https:\/\/api.w.org\/{rel}","templated":true}]}}