{"id":123135,"date":"2024-10-15T08:08:31","date_gmt":"2024-10-15T11:08:31","guid":{"rendered":"https:\/\/onordeste.com.br\/?p=123134"},"modified":"2024-10-15T08:08:31","modified_gmt":"2024-10-15T11:08:31","slug":"ministra-de-direitos-humanos-assina-190-portarias-de-anistia","status":"publish","type":"post","link":"https:\/\/iparaiba.com.br\/index.php\/2024\/10\/15\/ministra-de-direitos-humanos-assina-190-portarias-de-anistia\/","title":{"rendered":"Ministra de Direitos Humanos assina 190 portarias de anistia"},"content":{"rendered":"<p>Nos primeiros oito dias deste m\u00eas, foram publicadas 190 portarias de anistia, referentes a processos j\u00e1 julgados pela Comiss\u00e3o de Anistia. Somente na \u00faltima ter\u00e7a-feira (8), foram publicadas 179 portarias no Di\u00e1rio Oficial da Uni\u00e3o (DOU), assinadas pela ministra dos Direitos Humanos e da Cidadania, Maca\u00e9 Evaristo, que havia se comprometido em dar celeridade aos procedimentos assim que assumiu a pasta.<\/p>\n<p>Os atos publicados oficializam pedidos de desculpas oficiais do Estado a pessoas perseguidas politicamente durante a ditadura militar (1964-1985), repara\u00e7\u00f5es econ\u00f4micas, al\u00e9m de processos indeferidos pela comiss\u00e3o ap\u00f3s julgamento.<\/p>\n<p>A presidenta da Comiss\u00e3o de Anistia, Ene\u00e1 de Stutz e Almeida, avalia que o apoio da pasta tem sido fundamental para assegurar a efetividade do compromisso do Governo Federal com a pauta de repara\u00e7\u00e3o, mem\u00f3ria e verdade. \u201cA ministra fez quest\u00e3o de se inteirar das necessidades da Comiss\u00e3o de Anistia e, t\u00e3o logo soube das portarias que precisavam ser publicadas \u2013 assim como outras demandas urgentes, imediatamente, providenciou tudo que era necess\u00e1rio para atender tais necessidades\u201d, declarou.<\/p>\n","protected":false},"excerpt":{"rendered":"<p>Nos primeiros oito dias deste m\u00eas, foram publicadas 190 portarias de anistia, referentes a processos j\u00e1 julgados pela Comiss\u00e3o de Anistia. Somente na \u00faltima ter\u00e7a-feira (8), foram publicadas 179 portarias no Di\u00e1rio Oficial da Uni\u00e3o (DOU), assinadas pela ministra dos Direitos Humanos e da Cidadania, Maca\u00e9 Evaristo, que havia se comprometido em dar celeridade aos &hellip;<\/p>\n","protected":false},"author":1,"featured_media":108785,"comment_status":"open","ping_status":"open","sticky":false,"template":"","format":"standard","meta":{"footnotes":""},"categories":[18],"tags":[],"class_list":["post-123135","post","type-post","status-publish","format-standard","has-post-thumbnail","hentry","category-brasil"],"_links":{"self":[{"href":"https:\/\/iparaiba.com.br\/index.php\/wp-json\/wp\/v2\/posts\/123135","targetHints":{"allow":["GET"]}}],"collection":[{"href":"https:\/\/iparaiba.com.br\/index.php\/wp-json\/wp\/v2\/posts"}],"about":[{"href":"https:\/\/iparaiba.com.br\/index.php\/wp-json\/wp\/v2\/types\/post"}],"author":[{"embeddable":true,"href":"https:\/\/iparaiba.com.br\/index.php\/wp-json\/wp\/v2\/users\/1"}],"replies":[{"embeddable":true,"href":"https:\/\/iparaiba.com.br\/index.php\/wp-json\/wp\/v2\/comments?post=123135"}],"version-history":[{"count":1,"href":"https:\/\/iparaiba.com.br\/index.php\/wp-json\/wp\/v2\/posts\/123135\/revisions"}],"predecessor-version":[{"id":123184,"href":"https:\/\/iparaiba.com.br\/index.php\/wp-json\/wp\/v2\/posts\/123135\/revisions\/123184"}],"wp:featuredmedia":[{"embeddable":true,"href":"https:\/\/iparaiba.com.br\/index.php\/wp-json\/wp\/v2\/media\/108785"}],"wp:attachment":[{"href":"https:\/\/iparaiba.com.br\/index.php\/wp-json\/wp\/v2\/media?parent=123135"}],"wp:term":[{"taxonomy":"category","embeddable":true,"href":"https:\/\/iparaiba.com.br\/index.php\/wp-json\/wp\/v2\/categories?post=123135"},{"taxonomy":"post_tag","embeddable":true,"href":"https:\/\/iparaiba.com.br\/index.php\/wp-json\/wp\/v2\/tags?post=123135"}],"curies":[{"name":"wp","href":"https:\/\/api.w.org\/{rel}","templated":true}]}}