{"id":123134,"date":"2024-10-15T06:06:00","date_gmt":"2024-10-15T09:06:00","guid":{"rendered":"https:\/\/onordeste.com.br\/?p=123131"},"modified":"2024-10-15T06:06:00","modified_gmt":"2024-10-15T09:06:00","slug":"brasil-condena-invasao-israelense-em-base-de-missao-da-paz-da-onu","status":"publish","type":"post","link":"https:\/\/iparaiba.com.br\/index.php\/2024\/10\/15\/brasil-condena-invasao-israelense-em-base-de-missao-da-paz-da-onu\/","title":{"rendered":"Brasil condena Invas\u00e3o israelense em base de miss\u00e3o da paz da ONU"},"content":{"rendered":"<div class=\"texto-conteudo\">\n<div>\n<p>O Brasil condena veementemente a invas\u00e3o ontem, 13\/10, de base da miss\u00e3o de paz da ONU no L\u00edbano (UNIFIL) pelas for\u00e7as armadas de Israel.<\/p>\n<p>Dois tanques destru\u00edram o port\u00e3o principal e invadiram uma base da UNIFIL, onde ficaram 45 minutos, e disparos a tiros foram realizados nas proximidades. Trata-se do terceiro dia com registros de for\u00e7as israelenses a integrantes ou instala\u00e7\u00f5es da UNIFIL desde a semana passada. Cinco integrantes da miss\u00e3o de paz foram feridos nesses ataques.<\/p>\n<p>Ataques deliberados contra integrantes de miss\u00f5es de manuten\u00e7\u00e3o da paz e instala\u00e7\u00f5es da ONU s\u00e3o absolutamente inaceit\u00e1veis e constituem grave viola\u00e7\u00e3o do Direito Internacional, do Direito Internacional Humanit\u00e1rio e das resolu\u00e7\u00f5es do Conselho de Seguran\u00e7a da ONU. Como tradicional participante de for\u00e7as de paz da ONU, inclu\u00edda a UNIFIL, cuja for\u00e7a-tarefa mar\u00edtima foi liderada por militares brasileiros entre 2011 e 2021, o Brasil repudia as viola\u00e7\u00f5es sistem\u00e1ticas verificadas nos \u00faltimos dias.<\/p>\n<p>O governo brasileiro tamb\u00e9m deplora manifesta\u00e7\u00e3o do governo israelense, na qual apela pela retirada da UNIFIL do sul do L\u00edbano. A miss\u00e3o de paz foi estabelecida em 1978 pelo Conselho de Seguran\u00e7a e atua desde ent\u00e3o na manuten\u00e7\u00e3o da paz e da seguran\u00e7a no sul do L\u00edbano. A miss\u00e3o apoia o governo do L\u00edbano na restaura\u00e7\u00e3o de sua autoridade na \u00e1rea; facilita o retorno de civis deslocados; presta assist\u00eancia humanit\u00e1ria; e busca garantir que a \u00e1rea n\u00e3o seja usada por grupos armados.<\/p>\n<p>O governo brasileiro reitera a necessidade urgente de cessa\u00e7\u00e3o das hostilidades.<\/p>\n<\/div>\n<\/div>\n<p><a class=\"materia-original\" href=\"https:\/\/www.gov.br\/mre\/pt-br\/canais_atendimento\/imprensa\/notas-a-imprensa\/invasao-israelense-em-base-da-unifil\" target=\"_blank\" rel=\"noopener\">Link: https:\/\/www.gov.br\/mre\/pt-br\/canais_atendimento\/imprensa\/notas-a-imprensa\/invasao-israelense-em-base-da-unifil<\/a><\/p>\n","protected":false},"excerpt":{"rendered":"<p>O Brasil condena veementemente a invas\u00e3o ontem, 13\/10, de base da miss\u00e3o de paz da ONU no L\u00edbano (UNIFIL) pelas for\u00e7as armadas de Israel. Dois tanques destru\u00edram o port\u00e3o principal e invadiram uma base da UNIFIL, onde ficaram 45 minutos, e disparos a tiros foram realizados nas proximidades. Trata-se do terceiro dia com registros de &hellip;<\/p>\n","protected":false},"author":1,"featured_media":123174,"comment_status":"open","ping_status":"open","sticky":false,"template":"","format":"standard","meta":{"footnotes":""},"categories":[18],"tags":[],"class_list":["post-123134","post","type-post","status-publish","format-standard","has-post-thumbnail","hentry","category-brasil"],"_links":{"self":[{"href":"https:\/\/iparaiba.com.br\/index.php\/wp-json\/wp\/v2\/posts\/123134","targetHints":{"allow":["GET"]}}],"collection":[{"href":"https:\/\/iparaiba.com.br\/index.php\/wp-json\/wp\/v2\/posts"}],"about":[{"href":"https:\/\/iparaiba.com.br\/index.php\/wp-json\/wp\/v2\/types\/post"}],"author":[{"embeddable":true,"href":"https:\/\/iparaiba.com.br\/index.php\/wp-json\/wp\/v2\/users\/1"}],"replies":[{"embeddable":true,"href":"https:\/\/iparaiba.com.br\/index.php\/wp-json\/wp\/v2\/comments?post=123134"}],"version-history":[{"count":1,"href":"https:\/\/iparaiba.com.br\/index.php\/wp-json\/wp\/v2\/posts\/123134\/revisions"}],"predecessor-version":[{"id":123183,"href":"https:\/\/iparaiba.com.br\/index.php\/wp-json\/wp\/v2\/posts\/123134\/revisions\/123183"}],"wp:featuredmedia":[{"embeddable":true,"href":"https:\/\/iparaiba.com.br\/index.php\/wp-json\/wp\/v2\/media\/123174"}],"wp:attachment":[{"href":"https:\/\/iparaiba.com.br\/index.php\/wp-json\/wp\/v2\/media?parent=123134"}],"wp:term":[{"taxonomy":"category","embeddable":true,"href":"https:\/\/iparaiba.com.br\/index.php\/wp-json\/wp\/v2\/categories?post=123134"},{"taxonomy":"post_tag","embeddable":true,"href":"https:\/\/iparaiba.com.br\/index.php\/wp-json\/wp\/v2\/tags?post=123134"}],"curies":[{"name":"wp","href":"https:\/\/api.w.org\/{rel}","templated":true}]}}