{"id":123130,"date":"2024-10-14T13:00:45","date_gmt":"2024-10-14T16:00:45","guid":{"rendered":"https:\/\/onordeste.com.br\/?p=123121"},"modified":"2024-10-14T13:00:45","modified_gmt":"2024-10-14T16:00:45","slug":"operacao-de-combate-ao-trafico-desarticula-dois-pontos-de-venda","status":"publish","type":"post","link":"https:\/\/iparaiba.com.br\/index.php\/2024\/10\/14\/operacao-de-combate-ao-trafico-desarticula-dois-pontos-de-venda\/","title":{"rendered":"Opera\u00e7\u00e3o de combate ao tr\u00e1fico desarticula dois pontos de venda"},"content":{"rendered":"<p>Uma opera\u00e7\u00e3o de combate ao tr\u00e1fico de drogas na cidade de S\u00e3o Bento desarticulou dois pontos de venda e prendeu tr\u00eas pessoas, na noite dessa quinta-feira (10), nos bairros Belarmino L\u00facio e Colinas do Sul. O trabalho foi realizado pelas equipes do 12\u00ba Batalh\u00e3o, Batalh\u00e3o de Opera\u00e7\u00f5es Especiais e For\u00e7a Regional do CPR-II. Foram apreendidas drogas de v\u00e1rios tipos e tr\u00eas armas de fogo.<\/p>\n<p>O primeiro ponto funcionava em uma casa, no bairro Belarmino L\u00facio, onde a PM apreendeu crack, rev\u00f3lver, muni\u00e7\u00f5es, balan\u00e7a de precis\u00e3o, embalagens para drogas e dinheiro. Um homem e uma mulher foram presos em flagrante.<\/p>\n<p>O restante do material apreendido estava em um endere\u00e7o do bairro Colinas do Sul. No local, a PM apreendeu rev\u00f3lver, espingarda, balan\u00e7as de precis\u00e3o, embalagens para drogas, dinheiro e maconha. Um homem foi preso em flagrante.<\/p>\n<p>Os presos e o material apreendido na opera\u00e7\u00e3o foram levados para a Delegacia de Pol\u00edcia Civil, em Catol\u00e9 do Rocha.<\/p>\n","protected":false},"excerpt":{"rendered":"<p>Uma opera\u00e7\u00e3o de combate ao tr\u00e1fico de drogas na cidade de S\u00e3o Bento desarticulou dois pontos de venda e prendeu tr\u00eas pessoas, na noite dessa quinta-feira (10), nos bairros Belarmino L\u00facio e Colinas do Sul. O trabalho foi realizado pelas equipes do 12\u00ba Batalh\u00e3o, Batalh\u00e3o de Opera\u00e7\u00f5es Especiais e For\u00e7a Regional do CPR-II. Foram apreendidas &hellip;<\/p>\n","protected":false},"author":1,"featured_media":98188,"comment_status":"open","ping_status":"open","sticky":false,"template":"","format":"standard","meta":{"footnotes":""},"categories":[13],"tags":[],"class_list":["post-123130","post","type-post","status-publish","format-standard","has-post-thumbnail","hentry","category-policial"],"_links":{"self":[{"href":"https:\/\/iparaiba.com.br\/index.php\/wp-json\/wp\/v2\/posts\/123130","targetHints":{"allow":["GET"]}}],"collection":[{"href":"https:\/\/iparaiba.com.br\/index.php\/wp-json\/wp\/v2\/posts"}],"about":[{"href":"https:\/\/iparaiba.com.br\/index.php\/wp-json\/wp\/v2\/types\/post"}],"author":[{"embeddable":true,"href":"https:\/\/iparaiba.com.br\/index.php\/wp-json\/wp\/v2\/users\/1"}],"replies":[{"embeddable":true,"href":"https:\/\/iparaiba.com.br\/index.php\/wp-json\/wp\/v2\/comments?post=123130"}],"version-history":[{"count":1,"href":"https:\/\/iparaiba.com.br\/index.php\/wp-json\/wp\/v2\/posts\/123130\/revisions"}],"predecessor-version":[{"id":123179,"href":"https:\/\/iparaiba.com.br\/index.php\/wp-json\/wp\/v2\/posts\/123130\/revisions\/123179"}],"wp:featuredmedia":[{"embeddable":true,"href":"https:\/\/iparaiba.com.br\/index.php\/wp-json\/wp\/v2\/media\/98188"}],"wp:attachment":[{"href":"https:\/\/iparaiba.com.br\/index.php\/wp-json\/wp\/v2\/media?parent=123130"}],"wp:term":[{"taxonomy":"category","embeddable":true,"href":"https:\/\/iparaiba.com.br\/index.php\/wp-json\/wp\/v2\/categories?post=123130"},{"taxonomy":"post_tag","embeddable":true,"href":"https:\/\/iparaiba.com.br\/index.php\/wp-json\/wp\/v2\/tags?post=123130"}],"curies":[{"name":"wp","href":"https:\/\/api.w.org\/{rel}","templated":true}]}}