{"id":123109,"date":"2024-10-09T12:51:09","date_gmt":"2024-10-09T15:51:09","guid":{"rendered":"https:\/\/onordeste.com.br\/?p=123067"},"modified":"2024-10-09T12:51:09","modified_gmt":"2024-10-09T15:51:09","slug":"tse-apresenta-balanco-do-1o-turno","status":"publish","type":"post","link":"https:\/\/iparaiba.com.br\/index.php\/2024\/10\/09\/tse-apresenta-balanco-do-1o-turno\/","title":{"rendered":"TSE apresenta balan\u00e7o do 1\u00ba turno"},"content":{"rendered":"<p>A presidente do Tribunal Superior Eleitoral (TSE), ministra C\u00e1rmen L\u00facia, apresentou um balan\u00e7o do 1\u00ba turno das Elei\u00e7\u00f5es Municipais de 2024, realizado em 5.569 cidades do pa\u00eds. \u201cN\u00e3o h\u00e1 elei\u00e7\u00f5es sem imprensa livre e n\u00e3o h\u00e1 administra\u00e7\u00e3o e execu\u00e7\u00e3o de elei\u00e7\u00f5es sem servidores com essa qualificada excel\u00eancia\u201d, afirmou a ministra, ao agradecer aos servidores da Justi\u00e7a Eleitoral brasileira do TSE e dos tribunais regionais eleitorais (TREs) pela dedica\u00e7\u00e3o para a realiza\u00e7\u00e3o do pleito e aos profissionais da imprensa pelo apoio na divulga\u00e7\u00e3o, criteriosa e respons\u00e1vel, das informa\u00e7\u00f5es sobre todo o processo.<\/p>\n<p>Na coletiva, a ministra C\u00e1rmen L\u00facia esteve acompanhada do vice-presidente do TSE, ministro Nunes Marques, dos demais ministros da Corte, do presidente do Supremo Tribunal Federal (STF), ministro Lu\u00eds Roberto Barroso, e do procurador-geral eleitoral, Paulo Gonet.<\/p>\n","protected":false},"excerpt":{"rendered":"<p>A presidente do Tribunal Superior Eleitoral (TSE), ministra C\u00e1rmen L\u00facia, apresentou um balan\u00e7o do 1\u00ba turno das Elei\u00e7\u00f5es Municipais de 2024, realizado em 5.569 cidades do pa\u00eds. \u201cN\u00e3o h\u00e1 elei\u00e7\u00f5es sem imprensa livre e n\u00e3o h\u00e1 administra\u00e7\u00e3o e execu\u00e7\u00e3o de elei\u00e7\u00f5es sem servidores com essa qualificada excel\u00eancia\u201d, afirmou a ministra, ao agradecer aos servidores da &hellip;<\/p>\n","protected":false},"author":1,"featured_media":123111,"comment_status":"open","ping_status":"open","sticky":false,"template":"","format":"standard","meta":{"footnotes":""},"categories":[9],"tags":[],"class_list":["post-123109","post","type-post","status-publish","format-standard","has-post-thumbnail","hentry","category-justica"],"_links":{"self":[{"href":"https:\/\/iparaiba.com.br\/index.php\/wp-json\/wp\/v2\/posts\/123109","targetHints":{"allow":["GET"]}}],"collection":[{"href":"https:\/\/iparaiba.com.br\/index.php\/wp-json\/wp\/v2\/posts"}],"about":[{"href":"https:\/\/iparaiba.com.br\/index.php\/wp-json\/wp\/v2\/types\/post"}],"author":[{"embeddable":true,"href":"https:\/\/iparaiba.com.br\/index.php\/wp-json\/wp\/v2\/users\/1"}],"replies":[{"embeddable":true,"href":"https:\/\/iparaiba.com.br\/index.php\/wp-json\/wp\/v2\/comments?post=123109"}],"version-history":[{"count":0,"href":"https:\/\/iparaiba.com.br\/index.php\/wp-json\/wp\/v2\/posts\/123109\/revisions"}],"wp:featuredmedia":[{"embeddable":true,"href":"https:\/\/iparaiba.com.br\/index.php\/wp-json\/wp\/v2\/media\/123111"}],"wp:attachment":[{"href":"https:\/\/iparaiba.com.br\/index.php\/wp-json\/wp\/v2\/media?parent=123109"}],"wp:term":[{"taxonomy":"category","embeddable":true,"href":"https:\/\/iparaiba.com.br\/index.php\/wp-json\/wp\/v2\/categories?post=123109"},{"taxonomy":"post_tag","embeddable":true,"href":"https:\/\/iparaiba.com.br\/index.php\/wp-json\/wp\/v2\/tags?post=123109"}],"curies":[{"name":"wp","href":"https:\/\/api.w.org\/{rel}","templated":true}]}}