{"id":123108,"date":"2024-10-09T12:48:07","date_gmt":"2024-10-09T15:48:07","guid":{"rendered":"https:\/\/onordeste.com.br\/?p=123065"},"modified":"2024-10-09T12:48:07","modified_gmt":"2024-10-09T15:48:07","slug":"semana-nacional-da-vida-e-do-nascituro-e-destacada","status":"publish","type":"post","link":"https:\/\/iparaiba.com.br\/index.php\/2024\/10\/09\/semana-nacional-da-vida-e-do-nascituro-e-destacada\/","title":{"rendered":"Semana Nacional da Vida e do Nascituro \u00e9 destacada"},"content":{"rendered":"<p>Ressaltando a \u2018Semana Nacional da Vida e do Nascituro\u2019, celebrada entre 1\u00ba e 7 de outubro e que culmina no Dia do Nascituro (dia 8), o vereador Carl\u00e3o (PL) usou a tribuna para se posicionar contra o aborto e em defesa da vida humana. Na sess\u00e3o ordin\u00e1ria desta ter\u00e7a-feira (8), o parlamentar agradeceu o apoio dos pares para a aprova\u00e7\u00e3o de projeto que prop\u00f5e que gestantes que estejam autorizadas legalmente a praticar o aborto sejam orientadas sobre as consequ\u00eancias da pr\u00e1tica.<\/p>\n<p>O projeto de lei, aprovado em 2023 e sancionado em 2024 (<a href=\"https:\/\/sapl.joaopessoa.pb.leg.br\/norma\/20051\">Lei 2009\/2024<\/a>), determina que a rede hospitalar de Jo\u00e3o Pessoa implante programas de acompanhamento, orienta\u00e7\u00e3o e informa\u00e7\u00e3o sobre as consequ\u00eancias do aborto \u00e0s gestantes que estejam autorizadas legalmente \u00e0 sua pr\u00e1tica, com o objetivo de promover atividades pertinentes com car\u00e1ter educativo voltado \u00e0 tem\u00e1tica abordada.<\/p>\n<p>J\u00e1 a Semana Nacional da Vida e do Nascituro \u00e9 uma a\u00e7\u00e3o da Confer\u00eancia Nacional dos Bispos do Brasil (CNBB) e \u00e9 celebrada de 1\u00ba a 7 de outubro, culminando no Dia do Nascituro, no dia 8. O Dia do Nascituro \u00e9 uma data que celebra a vida humana desde a concep\u00e7\u00e3o e ressalta a import\u00e2ncia de proteg\u00ea-la e valoriz\u00e1-la. A data tamb\u00e9m celebra o direito \u00e0 sa\u00fade, \u00e0 alimenta\u00e7\u00e3o, ao respeito e a um nascimento sadio.<\/p>\n","protected":false},"excerpt":{"rendered":"<p>Ressaltando a \u2018Semana Nacional da Vida e do Nascituro\u2019, celebrada entre 1\u00ba e 7 de outubro e que culmina no Dia do Nascituro (dia 8), o vereador Carl\u00e3o (PL) usou a tribuna para se posicionar contra o aborto e em defesa da vida humana. Na sess\u00e3o ordin\u00e1ria desta ter\u00e7a-feira (8), o parlamentar agradeceu o apoio &hellip;<\/p>\n","protected":false},"author":1,"featured_media":115224,"comment_status":"open","ping_status":"open","sticky":false,"template":"","format":"standard","meta":{"footnotes":""},"categories":[8],"tags":[],"class_list":["post-123108","post","type-post","status-publish","format-standard","has-post-thumbnail","hentry","category-politica"],"_links":{"self":[{"href":"https:\/\/iparaiba.com.br\/index.php\/wp-json\/wp\/v2\/posts\/123108","targetHints":{"allow":["GET"]}}],"collection":[{"href":"https:\/\/iparaiba.com.br\/index.php\/wp-json\/wp\/v2\/posts"}],"about":[{"href":"https:\/\/iparaiba.com.br\/index.php\/wp-json\/wp\/v2\/types\/post"}],"author":[{"embeddable":true,"href":"https:\/\/iparaiba.com.br\/index.php\/wp-json\/wp\/v2\/users\/1"}],"replies":[{"embeddable":true,"href":"https:\/\/iparaiba.com.br\/index.php\/wp-json\/wp\/v2\/comments?post=123108"}],"version-history":[{"count":0,"href":"https:\/\/iparaiba.com.br\/index.php\/wp-json\/wp\/v2\/posts\/123108\/revisions"}],"wp:featuredmedia":[{"embeddable":true,"href":"https:\/\/iparaiba.com.br\/index.php\/wp-json\/wp\/v2\/media\/115224"}],"wp:attachment":[{"href":"https:\/\/iparaiba.com.br\/index.php\/wp-json\/wp\/v2\/media?parent=123108"}],"wp:term":[{"taxonomy":"category","embeddable":true,"href":"https:\/\/iparaiba.com.br\/index.php\/wp-json\/wp\/v2\/categories?post=123108"},{"taxonomy":"post_tag","embeddable":true,"href":"https:\/\/iparaiba.com.br\/index.php\/wp-json\/wp\/v2\/tags?post=123108"}],"curies":[{"name":"wp","href":"https:\/\/api.w.org\/{rel}","templated":true}]}}